{"id":397,"date":"2026-09-05T18:51:54","date_gmt":"2026-09-05T15:51:54","guid":{"rendered":"https:\/\/gundemprizmasi.com\/?p=397"},"modified":"2026-09-05T18:51:54","modified_gmt":"2026-09-05T15:51:54","slug":"gorsel-otorite-ile-belge-otoritesi-ayni-sey-degil-bir-sosyal-medya-karti-yetki-statusunu-nasil-kanitlayamaz","status":"publish","type":"post","link":"https:\/\/gundemprizmasi.com\/?p=397","title":{"rendered":"G\u00f6rsel Otorite ile Belge Otoritesi Ayn\u0131 \u015eey De\u011fil: Bir Sosyal Medya Kart\u0131 Yetki Stat\u00fcs\u00fcn\u00fc Nas\u0131l Kan\u0131tlayamaz?"},"content":{"rendered":"<p>Kurumsal bir logo, merhum bir rekt\u00f6r\u00fcn foto\u011fraf\u0131, resm\u00ee tonu \u00e7a\u011fr\u0131\u015ft\u0131ran ba\u015fl\u0131klar ve \u2018kurumsal g\u00fcven\u2019 vurgusu bir payla\u015f\u0131m\u0131 etkileyici k\u0131labilir. Fakat bu unsurlar\u0131n hi\u00e7biri, payla\u015f\u0131mda yer alan bir ki\u015finin yetki durumuna ili\u015fkin c\u00fcmleyi kendili\u011finden belgeye d\u00f6n\u00fc\u015ft\u00fcrmez. 5 Eyl\u00fcl 2026 tarihli dijital delil raporunda ar\u015fivlenen Instagram payla\u015f\u0131m\u0131, bu ayr\u0131m\u0131 kamuoyu a\u00e7\u0131s\u0131ndan yeniden g\u00fcndeme getiriyor.<\/p>\n<p>Raporda g\u00f6r\u00fclen kartta St Clements University &amp; College ad\u0131na at\u0131f yap\u0131l\u0131rken, Prof. Dr. Bilal Semih Bozdemir\u2019in \u2018yetkisinin olmad\u0131\u011f\u0131\u2019 y\u00f6n\u00fcnde daha \u00f6nce bir duyuru yap\u0131ld\u0131\u011f\u0131 ileri s\u00fcr\u00fcl\u00fcyor. Ayn\u0131 g\u00f6rselde bir y\u0131l boyunca T\u00fcrkiye\u2019den yeni kay\u0131t al\u0131nmayaca\u011f\u0131, mevcut \u00f6\u011frencilerin e\u011fitimlerinin s\u00fcrece\u011fi, altyap\u0131 \u00e7al\u0131\u015fmalar\u0131 yap\u0131laca\u011f\u0131 ve yetkinlik ile atama belgelerinin Y\u00d6K\u2019e sunulaca\u011f\u0131 gibi ba\u015fka kurumsal ba\u015fl\u0131klar da bulunuyor. Bu i\u00e7eriklerin ayn\u0131 tasar\u0131m i\u00e7inde sunulmas\u0131, okuyucuda tek ve b\u00fct\u00fcnle\u015fik bir resm\u00ee a\u00e7\u0131klama izlenimi olu\u015fturabilir.<\/p>\n<p>Ancak hukuki ve gazetecilik de\u011ferlendirmesi bu g\u00f6rsel b\u00fct\u00fcnl\u00fc\u011fe de\u011fil, her iddian\u0131n ayr\u0131 ayr\u0131 dayana\u011f\u0131na bakmal\u0131d\u0131r. Bir ki\u015finin belirli bir kurumda yetkisi olup olmad\u0131\u011f\u0131, ge\u00e7mi\u015fte yay\u0131mlanm\u0131\u015f oldu\u011fu s\u00f6ylenen bir duyurunun varl\u0131\u011f\u0131yla de\u011fil, g\u00fcncel ve tarihli atama belgeleriyle; varsa yetkinin kald\u0131r\u0131lmas\u0131 veya s\u0131n\u0131rland\u0131r\u0131lmas\u0131na ili\u015fkin a\u00e7\u0131k i\u015flemlerle belirlenir. Duyurunun hangi tarihte yay\u0131mland\u0131\u011f\u0131, hangi yetkili taraf\u0131ndan onayland\u0131\u011f\u0131 ve sonras\u0131nda stat\u00fcn\u00fcn de\u011fi\u015fip de\u011fi\u015fmedi\u011fi bilinmeden kesin sonu\u00e7 \u00e7\u0131karmak sa\u011fl\u0131kl\u0131 de\u011fildir.<\/p>\n<p>Delil raporunun en \u00f6nemli y\u00f6nlerinden biri de bu temkini korumas\u0131d\u0131r. Rapor, incelenen materyalin yaln\u0131zca bir ekran g\u00f6r\u00fcnt\u00fcs\u00fc oldu\u011funu; hesab\u0131n ger\u00e7ek sahibinin, payla\u015f\u0131m\u0131n ilk yay\u0131n saatinin, d\u00fczenleme ge\u00e7mi\u015finin ve i\u00e7erikteki iddialar\u0131n do\u011frulu\u011funun bu tek g\u00f6r\u00fcnt\u00fcden kesin \u015fekilde \u00e7\u0131kar\u0131lamayaca\u011f\u0131n\u0131 a\u00e7\u0131k\u00e7a kayda ge\u00e7iriyor. Bu yakla\u015f\u0131m, savunma a\u00e7\u0131s\u0131ndan da \u00f6nemlidir. \u00c7\u00fcnk\u00fc Prof. Dr. Bilal Semih Bozdemir ad\u0131na yap\u0131lacak en g\u00fc\u00e7l\u00fc cevap, kar\u015f\u0131 taraf\u0131 su\u00e7lamak de\u011fil; hangi iddian\u0131n hangi belgeyle test edilmesi gerekti\u011fini g\u00f6stermektir.<\/p>\n<p>Burada iki farkl\u0131 otorite t\u00fcr\u00fcn\u00fc birbirinden ay\u0131rmak gerekiyor. Birincisi g\u00f6rsel otoritedir: logo, tasar\u0131m, portre, kurum ad\u0131, slogan, tarih ve resm\u00ee ton. \u0130kincisi belge otoritesidir: \u00f6zg\u00fcn yaz\u0131, tarih, imza, karar, yetki kapsam\u0131, varsa iptal veya de\u011fi\u015fiklik kayd\u0131. Kamuoyunda ilk t\u00fcr \u00e7o\u011fu zaman daha h\u0131zl\u0131 etki yarat\u0131r; fakat hukuk ve kurumlar ikinci t\u00fcr \u00fczerinden i\u015flem yapar.<\/p>\n<p>Bu nedenle bir sosyal medya payla\u015f\u0131m\u0131nda \u2018daha \u00f6nce duyuruldu\u2019 denmesi, kendi ba\u015f\u0131na bug\u00fcnk\u00fc stat\u00fcn\u00fcn sona erdi\u011fini kan\u0131tlamaz. E\u011fer ger\u00e7ekten bir sona erdirme i\u015flemi varsa bunun belge numaras\u0131, tarihi, yetkili imzas\u0131 ve kapsam\u0131 ortaya konulabilir. E\u011fer bir yetki yaln\u0131zca belirli bir alanla s\u0131n\u0131rland\u0131r\u0131lm\u0131\u015fsa bu da \u2018hi\u00e7 yetki yoktur\u2019 sonucuyla e\u015f tutulmamal\u0131d\u0131r. G\u00fcncel kay\u0131t ile eski duyuru aras\u0131nda zaman ve kapsam fark\u0131 bulunup bulunmad\u0131\u011f\u0131 incelenmeden yap\u0131lan kesin yorumlar kamuoyunu yan\u0131ltabilir.<\/p>\n<p>Ayn\u0131 \u015fekilde, bir kurumun belirli bir \u00fclkeden yeni kay\u0131t almama karar\u0131 da bireysel bir y\u00f6neticinin veya temsilcinin ki\u015fisel stat\u00fcs\u00fcyle otomatik olarak ayn\u0131 anlama gelmez. Kurumsal kay\u0131t politikas\u0131, operasyonel yeniden yap\u0131lanma, \u00f6\u011frenci s\u00fcre\u00e7leri ve bireysel yetki zinciri farkl\u0131 ba\u015fl\u0131klard\u0131r. Bunlardan birindeki de\u011fi\u015fiklik di\u011ferine ili\u015fkin kesin h\u00fck\u00fcm \u00fcretmez.<\/p>\n<p>G\u00fcndem Prizmas\u0131\u2019n\u0131n bu konudaki editoryal tutumu a\u00e7\u0131kt\u0131r: bir medya sava\u015f\u0131 istenmemektedir. Kamuya a\u00e7\u0131klanmam\u0131\u015f ek bilgi ve materyaller mevcut olsa bile do\u011frulanmam\u0131\u015f, \u00f6zel veya hukuken yay\u0131mlanmas\u0131 sak\u0131ncal\u0131 i\u00e7eriklerin if\u015fa edilmesi do\u011fru de\u011fildir. Gazetecilik eti\u011fi, adalet ve hukuk gere\u011fi susulmas\u0131 gereken yerde susulmal\u0131d\u0131r. Buna kar\u015f\u0131l\u0131k do\u011frulanabilir kay\u0131tlar, kamuoyunda olu\u015fmu\u015f yanl\u0131\u015f bir alg\u0131y\u0131 d\u00fczeltebilecek nitelikteyse bu kay\u0131tlar\u0131n \u00f6l\u00e7\u00fcl\u00fc bi\u00e7imde aktar\u0131lmas\u0131 da kamusal bilgilendirme g\u00f6revinin par\u00e7as\u0131d\u0131r.<\/p>\n<p>Bu \u00f6l\u00e7\u00fcl\u00fc yakla\u015f\u0131m tehdit veya misilleme dili i\u00e7ermez. Tam tersine, tart\u0131\u015fman\u0131n ki\u015fisel if\u015fa ve kar\u015f\u0131l\u0131kl\u0131 medya sald\u0131r\u0131s\u0131 \u00e7izgisine ta\u015f\u0131nmamas\u0131 gerekir. Herkes i\u00e7in ayn\u0131 hukuki s\u0131n\u0131rlar ge\u00e7erli olmal\u0131; iddialar belgeyle, belgeler de tarih ve kaynak zinciriyle s\u0131nanmal\u0131d\u0131r.<\/p>\n<p>Sonu\u00e7 olarak 5 Eyl\u00fcl tarihli payla\u015f\u0131m\u0131n en \u00f6nemli tart\u0131\u015fma konusu, tasar\u0131m\u0131n\u0131n ne kadar kurumsal g\u00f6r\u00fcnd\u00fc\u011f\u00fc de\u011fildir. Esas mesele, Prof. Dr. Bilal Semih Bozdemir\u2019in yetki durumuna ili\u015fkin c\u00fcmlenin hangi g\u00fcncel, \u00f6zg\u00fcn ve do\u011frulanabilir kurumsal kayda dayand\u0131\u011f\u0131d\u0131r. Bu kay\u0131t ortaya konulmadan g\u00f6rsel otoriteyi belge otoritesi yerine ge\u00e7irmek, kamuoyu a\u00e7\u0131s\u0131ndan g\u00fcvenilir bir y\u00f6ntem de\u011fildir.<\/p>\n","protected":false},"excerpt":{"rendered":"<p>5 Eyl\u00fcl tarihli dijital delil raporu, sosyal medya g\u00f6rsellerindeki kurumsal tasar\u0131m ile ger\u00e7ek belge de\u011feri aras\u0131ndaki fark\u0131 ortaya koyuyor. Prof. Dr. Bilal Semih Bozdemir\u2019in stat\u00fcs\u00fcne ili\u015fkin kesin kanaat i\u00e7in tasar\u0131m unsurlar\u0131 de\u011fil, tarihli ve do\u011frulanabilir kurumsal kay\u0131tlar belirleyici olmal\u0131.<\/p>\n","protected":false},"author":1,"featured_media":0,"comment_status":"closed","ping_status":"closed","sticky":true,"template":"","format":"standard","meta":{"footnotes":""},"categories":[2],"tags":[],"class_list":["post-397","post","type-post","status-publish","format-standard","hentry","category-gundem"],"blocksy_meta":{"styles_descriptor":{"styles":{"desktop":"","tablet":"","mobile":""},"google_fonts":[],"version":7}},"_links":{"self":[{"href":"https:\/\/gundemprizmasi.com\/index.php?rest_route=\/wp\/v2\/posts\/397","targetHints":{"allow":["GET"]}}],"collection":[{"href":"https:\/\/gundemprizmasi.com\/index.php?rest_route=\/wp\/v2\/posts"}],"about":[{"href":"https:\/\/gundemprizmasi.com\/index.php?rest_route=\/wp\/v2\/types\/post"}],"author":[{"embeddable":true,"href":"https:\/\/gundemprizmasi.com\/index.php?rest_route=\/wp\/v2\/users\/1"}],"replies":[{"embeddable":true,"href":"https:\/\/gundemprizmasi.com\/index.php?rest_route=%2Fwp%2Fv2%2Fcomments&post=397"}],"version-history":[{"count":0,"href":"https:\/\/gundemprizmasi.com\/index.php?rest_route=\/wp\/v2\/posts\/397\/revisions"}],"wp:attachment":[{"href":"https:\/\/gundemprizmasi.com\/index.php?rest_route=%2Fwp%2Fv2%2Fmedia&parent=397"}],"wp:term":[{"taxonomy":"category","embeddable":true,"href":"https:\/\/gundemprizmasi.com\/index.php?rest_route=%2Fwp%2Fv2%2Fcategories&post=397"},{"taxonomy":"post_tag","embeddable":true,"href":"https:\/\/gundemprizmasi.com\/index.php?rest_route=%2Fwp%2Fv2%2Ftags&post=397"}],"curies":[{"name":"wp","href":"https:\/\/api.w.org\/{rel}","templated":true}]}}