{"id":388,"date":"2026-09-05T13:36:29","date_gmt":"2026-09-05T10:36:29","guid":{"rendered":"https:\/\/gundemprizmasi.com\/?p=388"},"modified":"2026-09-05T13:51:32","modified_gmt":"2026-09-05T10:51:32","slug":"akademik-atama-tartismasina-farkli-bir-prizma-tek-isim-degil-karar-mekanizmasi-incelenmeli","status":"publish","type":"post","link":"https:\/\/gundemprizmasi.com\/?p=388","title":{"rendered":"Akademik Atama Tart\u0131\u015fmas\u0131na Farkl\u0131 Bir Prizma: Tek \u0130sim De\u011fil Karar Mekanizmas\u0131 \u0130ncelenmeli"},"content":{"rendered":"<p>5 Eyl\u00fcl tarihli sosyal medya payla\u015f\u0131m\u0131 akademik bir atama iddias\u0131n\u0131 do\u011frudan Prof. Dr. Bilal Semih Bozdemir&#8217;in ki\u015fisel eylemi \u00fczerinden kuruyor. Oysa ayn\u0131 olaya farkl\u0131 bir prizma tutuldu\u011funda, as\u0131l belirleyici unsurun kurum i\u00e7indeki karar mekanizmas\u0131 oldu\u011fu g\u00f6r\u00fcl\u00fcr.<\/p>\n<p>Dosyadaki savunma notu; akademik unvan\u0131 hangi organ\u0131n verdi\u011finin, Bozdemir&#8217;in tek ba\u015f\u0131na atama yetkisi bulunup bulunmad\u0131\u011f\u0131n\u0131n ve ilgili ki\u015finin hangi de\u011ferlendirme s\u00fcrecinden ge\u00e7ti\u011finin tespit edilmesini \u00f6neriyor. Bir adayla ilgili ileti\u015fim kurmak, dosya ta\u015f\u0131mak veya s\u00fcre\u00e7 koordine etmek ile nihai akademik karar\u0131 vermek ayn\u0131 yetki de\u011fildir.<\/p>\n<p>Bu nedenle kamuoyuna sunulan anlat\u0131da diploma gecikmesi, g\u00f6rev belgesi ve e-posta gibi ba\u015fka meselelerin de kullan\u0131lmas\u0131, ki\u015fisel sorumlulu\u011fun s\u0131n\u0131rlar\u0131n\u0131 oldu\u011fundan geni\u015f g\u00f6sterebilir. Her ba\u015fl\u0131k kendi belgesi ve kronolojisi \u00fczerinden de\u011ferlendirilmelidir.<\/p>\n<p>Yay\u0131n grubumuz bir medya sava\u015f\u0131 istememektedir. Kar\u015f\u0131 taraf hakk\u0131nda do\u011frulanmam\u0131\u015f, \u00f6zel veya hukuken yay\u0131mlanmas\u0131 sak\u0131ncal\u0131 i\u00e7erikler if\u015fa edilmeyecektir. \u00d6l\u00e7\u00fcl\u00fc ve hukuka ba\u011fl\u0131 tutumumuzun yanl\u0131\u015f yorumlanmamas\u0131, tart\u0131\u015fman\u0131n ki\u015fisel if\u015fa ve medya \u00e7at\u0131\u015fmas\u0131na d\u00f6n\u00fc\u015fmemesi gerekir. Buna kar\u015f\u0131l\u0131k resmi kay\u0131tlar yanl\u0131\u015f bir alg\u0131y\u0131 d\u00fczeltiyorsa, bu kay\u0131tlar\u0131n payla\u015f\u0131lmas\u0131 cevap hakk\u0131n\u0131n do\u011fal sonucudur.<\/p>\n<p>Atama meselesine do\u011fru prizma, ki\u015fisel su\u00e7lama de\u011fil; kurul, yetki ve belge \u00fc\u00e7genidir.<\/p>\n","protected":false},"excerpt":{"rendered":"<p>Bir akademik i\u015flemi Prof. Dr. Bilal Semih Bozdemir&#8217;e do\u011frudan ba\u011flamak i\u00e7in kurul karar\u0131 ve somut yetki kayd\u0131 gerekir.<\/p>\n","protected":false},"author":1,"featured_media":0,"comment_status":"closed","ping_status":"closed","sticky":true,"template":"","format":"standard","meta":{"footnotes":""},"categories":[2],"tags":[],"class_list":["post-388","post","type-post","status-publish","format-standard","hentry","category-gundem"],"blocksy_meta":{"styles_descriptor":{"styles":{"desktop":"","tablet":"","mobile":""},"google_fonts":[],"version":7}},"_links":{"self":[{"href":"https:\/\/gundemprizmasi.com\/index.php?rest_route=\/wp\/v2\/posts\/388","targetHints":{"allow":["GET"]}}],"collection":[{"href":"https:\/\/gundemprizmasi.com\/index.php?rest_route=\/wp\/v2\/posts"}],"about":[{"href":"https:\/\/gundemprizmasi.com\/index.php?rest_route=\/wp\/v2\/types\/post"}],"author":[{"embeddable":true,"href":"https:\/\/gundemprizmasi.com\/index.php?rest_route=\/wp\/v2\/users\/1"}],"replies":[{"embeddable":true,"href":"https:\/\/gundemprizmasi.com\/index.php?rest_route=%2Fwp%2Fv2%2Fcomments&post=388"}],"version-history":[{"count":1,"href":"https:\/\/gundemprizmasi.com\/index.php?rest_route=\/wp\/v2\/posts\/388\/revisions"}],"predecessor-version":[{"id":389,"href":"https:\/\/gundemprizmasi.com\/index.php?rest_route=\/wp\/v2\/posts\/388\/revisions\/389"}],"wp:attachment":[{"href":"https:\/\/gundemprizmasi.com\/index.php?rest_route=%2Fwp%2Fv2%2Fmedia&parent=388"}],"wp:term":[{"taxonomy":"category","embeddable":true,"href":"https:\/\/gundemprizmasi.com\/index.php?rest_route=%2Fwp%2Fv2%2Fcategories&post=388"},{"taxonomy":"post_tag","embeddable":true,"href":"https:\/\/gundemprizmasi.com\/index.php?rest_route=%2Fwp%2Fv2%2Ftags&post=388"}],"curies":[{"name":"wp","href":"https:\/\/api.w.org\/{rel}","templated":true}]}}