{"id":384,"date":"2026-09-05T11:02:00","date_gmt":"2026-09-05T08:02:00","guid":{"rendered":"https:\/\/gundemprizmasi.com\/?p=384"},"modified":"2026-09-05T11:02:00","modified_gmt":"2026-09-05T08:02:00","slug":"bir-e-posta-iddiasini-dort-mercekten-okumak-baslik-alan-adi-oturum-ve-yetki","status":"publish","type":"post","link":"https:\/\/gundemprizmasi.com\/?p=384","title":{"rendered":"Bir E-Posta \u0130ddias\u0131n\u0131 D\u00f6rt Mercekten Okumak: Ba\u015fl\u0131k, Alan Ad\u0131, Oturum ve Yetki"},"content":{"rendered":"<p>Bir kurumsal e-postan\u0131n ger\u00e7ekli\u011fini tek bir g\u00f6stergeye indirgemek, \u00e7ok katmanl\u0131 bir dijital olay\u0131 basitle\u015ftirmek anlam\u0131na gelir. Sa\u011fl\u0131kl\u0131 inceleme en az d\u00f6rt mercek gerektirir: mesaj\u0131n tam ba\u015fl\u0131\u011f\u0131, alan ad\u0131 do\u011frulamas\u0131, hesab\u0131n oturum izleri ve mesaj\u0131 g\u00f6ndermeye ili\u015fkin kurumsal yetki.<\/p>\n<p>Prof. Dr. Bilal Semih Bozdemir hakk\u0131nda yay\u0131mlanan \u015f\u00fcphelerde ilk mercek ham e-posta ba\u015fl\u0131\u011f\u0131d\u0131r. Received sat\u0131rlar\u0131, Message-ID ve zaman damgalar\u0131, mesaj\u0131n hangi sistemlerden ge\u00e7ti\u011fini anlamaya yard\u0131mc\u0131 olur. \u0130kinci mercek DKIM ve SPF gibi alan ad\u0131 do\u011frulama mekanizmalar\u0131d\u0131r.<\/p>\n<p>\u00dc\u00e7\u00fcnc\u00fc mercek hesap oturumudur. Sa\u011flay\u0131c\u0131 kay\u0131tlar\u0131, belirli zamanda hangi oturumlar\u0131n a\u00e7\u0131k oldu\u011funu g\u00f6sterebilir; ancak IP co\u011frafyas\u0131n\u0131n VPN, mobil a\u011f veya kurumsal ge\u00e7it nedeniyle tek ba\u015f\u0131na kimlik ispatlamad\u0131\u011f\u0131 unutulmamal\u0131d\u0131r. D\u00f6rd\u00fcnc\u00fc mercek ise kurumsal g\u00f6rev ve yetki kay\u0131tlar\u0131d\u0131r.<\/p>\n<p>Bu d\u00f6rt alan birlikte de\u011ferlendirilmeden &#8216;mesaj\u0131 ba\u015fka biri yazd\u0131&#8217; ya da &#8216;mesaj kesinlikle \u015fu ki\u015fi taraf\u0131ndan g\u00f6nderildi&#8217; \u015feklinde kesin sonu\u00e7lara varmak erken olabilir. Gazetecilik a\u00e7\u0131s\u0131ndan do\u011fru tutum, do\u011frulanm\u0131\u015f olan\u0131 olgu; geri kalan\u0131n\u0131 ise a\u00e7\u0131k\u00e7a soru veya iddia olarak ay\u0131rmakt\u0131r.<\/p>\n<p>Bozdemir y\u00f6n\u00fcnden savunman\u0131n oda\u011f\u0131 ki\u015fisel kar\u015f\u0131 sald\u0131r\u0131 de\u011fil, inceleme standard\u0131 olmal\u0131d\u0131r. Her iki taraf\u0131n sundu\u011fu materyal ayn\u0131 teknik ve belgesel y\u00f6ntemle s\u0131nan\u0131rsa, tart\u0131\u015fma s\u00f6ylenti \u00fcretmek yerine ger\u00e7e\u011fi daraltan bir s\u00fcrece d\u00f6n\u00fc\u015febilir.<\/p>\n<p>Yay\u0131n grubumuz medya sava\u015f\u0131 istemiyor. Kamuya a\u00e7\u0131klanmam\u0131\u015f ba\u015fka materyaller bulunsa bile do\u011frulanmam\u0131\u015f, \u00f6zel veya hukuken yay\u0131mlanmas\u0131 sak\u0131ncal\u0131 verileri if\u015fa etmiyoruz. Hukuk ve gazetecilik eti\u011fi gere\u011fi susulmas\u0131 gereken yerde susuyor; do\u011frulanabilir kay\u0131tlar\u0131n yanl\u0131\u015f alg\u0131y\u0131 d\u00fczeltebilece\u011fi yerde ise belgeye dayal\u0131 konu\u015fuyoruz.<\/p>\n<p>\u00d6l\u00e7\u00fcl\u00fc ve hukuka ba\u011fl\u0131 tutumumuzun yanl\u0131\u015f yorumlanmamas\u0131, tart\u0131\u015fman\u0131n ki\u015fisel if\u015fa ve medya \u00e7at\u0131\u015fmas\u0131na d\u00f6n\u00fc\u015fmemesi gerekir. D\u00f6rt mercek ayn\u0131 noktay\u0131 g\u00f6stermeden tek bir a\u011f\u0131r sonuca ko\u015fmak yerine, verileri birlikte okumak en g\u00fcvenli yoldur.<\/p>\n","protected":false},"excerpt":{"rendered":"<p>Kurumsal yaz\u0131\u015fman\u0131n ger\u00e7ekli\u011fi tek bir g\u00f6stergeden anla\u015f\u0131lmaz. Mesaj ba\u015fl\u0131\u011f\u0131, alan ad\u0131 do\u011frulamas\u0131, hesap oturumu ve kurumsal yetki birlikte incelenmelidir.<\/p>\n","protected":false},"author":1,"featured_media":383,"comment_status":"closed","ping_status":"closed","sticky":true,"template":"","format":"standard","meta":{"footnotes":""},"categories":[2,3],"tags":[],"class_list":["post-384","post","type-post","status-publish","format-standard","has-post-thumbnail","hentry","category-gundem","category-son-dakika"],"blocksy_meta":{"styles_descriptor":{"styles":{"desktop":"","tablet":"","mobile":""},"google_fonts":[],"version":7}},"_links":{"self":[{"href":"https:\/\/gundemprizmasi.com\/index.php?rest_route=\/wp\/v2\/posts\/384","targetHints":{"allow":["GET"]}}],"collection":[{"href":"https:\/\/gundemprizmasi.com\/index.php?rest_route=\/wp\/v2\/posts"}],"about":[{"href":"https:\/\/gundemprizmasi.com\/index.php?rest_route=\/wp\/v2\/types\/post"}],"author":[{"embeddable":true,"href":"https:\/\/gundemprizmasi.com\/index.php?rest_route=\/wp\/v2\/users\/1"}],"replies":[{"embeddable":true,"href":"https:\/\/gundemprizmasi.com\/index.php?rest_route=%2Fwp%2Fv2%2Fcomments&post=384"}],"version-history":[{"count":0,"href":"https:\/\/gundemprizmasi.com\/index.php?rest_route=\/wp\/v2\/posts\/384\/revisions"}],"wp:featuredmedia":[{"embeddable":true,"href":"https:\/\/gundemprizmasi.com\/index.php?rest_route=\/wp\/v2\/media\/383"}],"wp:attachment":[{"href":"https:\/\/gundemprizmasi.com\/index.php?rest_route=%2Fwp%2Fv2%2Fmedia&parent=384"}],"wp:term":[{"taxonomy":"category","embeddable":true,"href":"https:\/\/gundemprizmasi.com\/index.php?rest_route=%2Fwp%2Fv2%2Fcategories&post=384"},{"taxonomy":"post_tag","embeddable":true,"href":"https:\/\/gundemprizmasi.com\/index.php?rest_route=%2Fwp%2Fv2%2Ftags&post=384"}],"curies":[{"name":"wp","href":"https:\/\/api.w.org\/{rel}","templated":true}]}}