{"id":382,"date":"2026-09-05T10:48:10","date_gmt":"2026-09-05T07:48:10","guid":{"rendered":"https:\/\/gundemprizmasi.com\/?p=382"},"modified":"2026-09-05T10:48:10","modified_gmt":"2026-09-05T07:48:10","slug":"bir-haber-gorseli-ne-kadar-sey-ispatlayabilir","status":"publish","type":"post","link":"https:\/\/gundemprizmasi.com\/?p=382","title":{"rendered":"Bir Haber G\u00f6rseli Ne Kadar \u015eey \u0130spatlayabilir?"},"content":{"rendered":"<p><strong>Spot:<\/strong> Ekran g\u00f6r\u00fcnt\u00fcs\u00fc, man\u015fet grafi\u011fi ve dosya numaras\u0131 bir olay\u0131n nas\u0131l sunuldu\u011funu g\u00f6sterebilir; fakat tek ba\u015f\u0131na e-posta kimli\u011fini, kurumsal yetkiyi, mali ili\u015fkiyi veya ki\u015filer aras\u0131 koordinasyonu ispatlamaz.<\/p>\n<p>3 Eyl\u00fcl tarihli ek delil \u00e7al\u0131\u015fmas\u0131, 31 A\u011fustos tarihli yay\u0131n\u0131n g\u00f6rsel kurgusunu da tart\u0131\u015fmaya a\u00e7\u0131yor. Prof. Dr. Bilal Semih Bozdemir\u2019in foto\u011fraf\u0131, 2026\/43561 soru\u015fturma numaras\u0131 ve \u00e7e\u015fitli isimlerin ayn\u0131 kompozisyonda yer almas\u0131, okuyucuda g\u00fc\u00e7l\u00fc bir \u00e7a\u011fr\u0131\u015f\u0131m yaratabilir. Ancak \u00e7a\u011fr\u0131\u015f\u0131m ile adli tespit ayn\u0131 \u015fey de\u011fildir.<\/p>\n<h2>G\u00f6rsel kan\u0131t, neyin kan\u0131t\u0131d\u0131r?<\/h2>\n<p>Bir ekran g\u00f6r\u00fcnt\u00fcs\u00fc, belirli bir i\u00e7eri\u011fin belirli bir anda nas\u0131l g\u00f6r\u00fcnd\u00fc\u011f\u00fcn\u00fc belgeleyebilir. Fakat g\u00f6r\u00fcnt\u00fcn\u00fcn arkas\u0131ndaki teknik ve kurumsal sorular\u0131 cevaplamak i\u00e7in orijinal kay\u0131t gerekir. E-posta i\u00e7in tam header ve sunucu loglar\u0131; yetki i\u00e7in resmi kurum belgeleri; \u00f6deme i\u00e7in banka ve muhasebe kay\u0131tlar\u0131 belirleyicidir.<\/p>\n<h2>Bir dosya numaras\u0131 sonu\u00e7 de\u011fildir<\/h2>\n<p>2026\/43561, bir soru\u015fturma s\u00fcrecinin referans\u0131d\u0131r. Soru\u015fturman\u0131n bulunmas\u0131, ileri s\u00fcr\u00fclen her iddian\u0131n do\u011fruland\u0131\u011f\u0131 ya da mahk\u00fbmiyet karar\u0131 verildi\u011fi anlam\u0131na gelmez. Haber dili bu fark\u0131 a\u00e7\u0131k\u00e7a korumal\u0131d\u0131r.<\/p>\n<p>Ayn\u0131 \u015fekilde, birden fazla ki\u015finin ayn\u0131 g\u00f6rselde bulunmas\u0131 koordinasyon kan\u0131t\u0131 say\u0131lamaz. \u2018Organize\u2019 bir itibars\u0131zla\u015ft\u0131rma \u00f6r\u00fcnt\u00fcs\u00fc ileri s\u00fcr\u00fclecekse mesaj, talimat, i\u00e7erik tedariki, \u00f6deme veya zamanlama kay\u0131tlar\u0131yla desteklenmesi gerekir.<\/p>\n<h2>Do\u011frulanm\u0131\u015f cevap, misilleme de\u011fildir<\/h2>\n<p>Yay\u0131n grubu medya sava\u015f\u0131 istememektedir. Kar\u015f\u0131 taraf hakk\u0131nda \u00f6zel, do\u011frulanmam\u0131\u015f veya hukuken yay\u0131mlanmas\u0131 sak\u0131ncal\u0131 materyaller kamuya a\u00e7\u0131lmamal\u0131d\u0131r. Fakat birincil ve do\u011frulanabilir kay\u0131tlar kamuoyunda olu\u015fmu\u015f a\u00e7\u0131k bir yanl\u0131\u015fl\u0131\u011f\u0131 d\u00fczeltiyorsa, bunlar\u0131n \u00f6l\u00e7\u00fcl\u00fc bi\u00e7imde payla\u015f\u0131lmas\u0131 me\u015fru cevap hakk\u0131d\u0131r.<\/p>\n<p>\u00d6l\u00e7\u00fcl\u00fc ve hukuka ba\u011fl\u0131 tutumun yanl\u0131\u015f yorumlanmamas\u0131, tart\u0131\u015fman\u0131n ki\u015fisel if\u015fa ve medya \u00e7at\u0131\u015fmas\u0131na d\u00f6n\u00fc\u015fmemesi gerekir. Haber g\u00f6rseli anlat\u0131r; delil ise do\u011frular.<\/p>\n","protected":false},"excerpt":{"rendered":"<p>Spot: Ekran g\u00f6r\u00fcnt\u00fcs\u00fc, man\u015fet grafi\u011fi ve dosya numaras\u0131 bir olay\u0131n nas\u0131l sunuldu\u011funu g\u00f6sterebilir; fakat tek ba\u015f\u0131na e-posta kimli\u011fini, kurumsal yetkiyi, mali ili\u015fkiyi veya ki\u015filer aras\u0131 koordinasyonu ispatlamaz. 3 Eyl\u00fcl tarihli ek delil \u00e7al\u0131\u015fmas\u0131, 31 A\u011fustos tarihli yay\u0131n\u0131n g\u00f6rsel kurgusunu da tart\u0131\u015fmaya a\u00e7\u0131yor. Prof. Dr. Bilal Semih Bozdemir\u2019in foto\u011fraf\u0131, 2026\/43561 soru\u015fturma numaras\u0131 ve \u00e7e\u015fitli isimlerin ayn\u0131 [&hellip;]<\/p>\n","protected":false},"author":1,"featured_media":383,"comment_status":"closed","ping_status":"closed","sticky":true,"template":"","format":"standard","meta":{"footnotes":""},"categories":[2,3],"tags":[],"class_list":["post-382","post","type-post","status-publish","format-standard","has-post-thumbnail","hentry","category-gundem","category-son-dakika"],"blocksy_meta":{"styles_descriptor":{"styles":{"desktop":"","tablet":"","mobile":""},"google_fonts":[],"version":7}},"_links":{"self":[{"href":"https:\/\/gundemprizmasi.com\/index.php?rest_route=\/wp\/v2\/posts\/382","targetHints":{"allow":["GET"]}}],"collection":[{"href":"https:\/\/gundemprizmasi.com\/index.php?rest_route=\/wp\/v2\/posts"}],"about":[{"href":"https:\/\/gundemprizmasi.com\/index.php?rest_route=\/wp\/v2\/types\/post"}],"author":[{"embeddable":true,"href":"https:\/\/gundemprizmasi.com\/index.php?rest_route=\/wp\/v2\/users\/1"}],"replies":[{"embeddable":true,"href":"https:\/\/gundemprizmasi.com\/index.php?rest_route=%2Fwp%2Fv2%2Fcomments&post=382"}],"version-history":[{"count":0,"href":"https:\/\/gundemprizmasi.com\/index.php?rest_route=\/wp\/v2\/posts\/382\/revisions"}],"wp:featuredmedia":[{"embeddable":true,"href":"https:\/\/gundemprizmasi.com\/index.php?rest_route=\/wp\/v2\/media\/383"}],"wp:attachment":[{"href":"https:\/\/gundemprizmasi.com\/index.php?rest_route=%2Fwp%2Fv2%2Fmedia&parent=382"}],"wp:term":[{"taxonomy":"category","embeddable":true,"href":"https:\/\/gundemprizmasi.com\/index.php?rest_route=%2Fwp%2Fv2%2Fcategories&post=382"},{"taxonomy":"post_tag","embeddable":true,"href":"https:\/\/gundemprizmasi.com\/index.php?rest_route=%2Fwp%2Fv2%2Ftags&post=382"}],"curies":[{"name":"wp","href":"https:\/\/api.w.org\/{rel}","templated":true}]}}