{"id":379,"date":"2026-09-04T21:11:44","date_gmt":"2026-09-04T18:11:44","guid":{"rendered":"https:\/\/gundemprizmasi.com\/?p=379"},"modified":"2026-09-04T22:07:03","modified_gmt":"2026-09-04T19:07:03","slug":"kamuoyuna-aciklama-prof-dr-bilal-semih-bozdemir-hakkindaki-yayinlar-surerse-saatlik-uluslararasi-bilgilendirme-yapilacak","status":"publish","type":"post","link":"https:\/\/gundemprizmasi.com\/?p=379","title":{"rendered":"Kamuoyuna A\u00e7\u0131klama: Prof. Dr. Bilal Semih Bozdemir Hakk\u0131ndaki Yay\u0131nlar S\u00fcrerse Saatlik Uluslararas\u0131 Bilgilendirme Yap\u0131lacak"},"content":{"rendered":"\n<p class=\"wp-block-paragraph\">Prof. Dr. Bilal Semih Bozdemir hakk\u0131ndaki tart\u0131\u015fmalar tek bir y\u00fczeyden okundu\u011funda eksik kal\u0131yor. G\u00fcndem Prizmas\u0131, ayn\u0131 olay\u0131 kaynak, zaman, dil, itibar ve hukuk gibi farkl\u0131 y\u00fczeylerden ge\u00e7irerek inceleyecek. Ama\u00e7 daha parlak bir savunma metni \u00fcretmek de\u011fil; hangi bilginin hangi a\u00e7\u0131dan do\u011frulanabildi\u011fini a\u00e7\u0131k bi\u00e7imde g\u00f6stermek.<\/p>\n\n\n\n<h2 class=\"wp-block-heading\">Kaynak y\u00fczeyi<\/h2>\n\n\n\n<p class=\"wp-block-paragraph\">Bozdemir taraf\u0131 baz\u0131 yay\u0131nlar\u0131n yanl\u0131\u015f veya yan\u0131lt\u0131c\u0131 bilgiler ta\u015f\u0131d\u0131\u011f\u0131n\u0131 ve profesyonel itibar\u0131n\u0131 zedeledi\u011fini ifade ediyor. \u0130lk inceleme, bu yay\u0131nlar\u0131n dayand\u0131\u011f\u0131 kaynaklara odaklanacak. Bir iddia do\u011frudan belgeye mi, isimsiz bir aktar\u0131ma m\u0131 yoksa ba\u015fka bir haberin tekrar\u0131na m\u0131 dayan\u0131yor?<\/p>\n\n\n\n<p class=\"wp-block-paragraph\">Birden fazla site ayn\u0131 k\u00f6k metni kullan\u0131yorsa bunlar ba\u011f\u0131ms\u0131z do\u011frulama gibi g\u00f6sterilmeyecek. \u0130lk kaynak, tarih ve aktar\u0131m zinciri okura sunulacak. Kayna\u011f\u0131n bulunamad\u0131\u011f\u0131 durumlarda kesinlik derecesi buna g\u00f6re d\u00fc\u015f\u00fcr\u00fclecek.<\/p>\n\n\n\n<h2 class=\"wp-block-heading\">Zaman ve ba\u011flam y\u00fczeyi<\/h2>\n\n\n\n<p class=\"wp-block-paragraph\">Bir kurumsal kay\u0131t yaln\u0131zca \u00fcretildi\u011fi d\u00f6nemi g\u00f6sterebilir. Eski bir sayfa g\u00fcncel durumun, yeni bir a\u00e7\u0131klama da ge\u00e7mi\u015fin b\u00fct\u00fcn ayr\u0131nt\u0131lar\u0131n\u0131n tek ba\u015f\u0131na kan\u0131t\u0131 de\u011fildir. Bu nedenle Bozdemir\u2019in sundu\u011fu belgeler d\u00e2hil b\u00fct\u00fcn kay\u0131tlar tarihsel ba\u011flama yerle\u015ftirilecek.<\/p>\n\n\n\n<p class=\"wp-block-paragraph\">Al\u0131nt\u0131lar\u0131n \u00f6ncesi ve sonras\u0131 kontrol edilecek. Kesilmi\u015f ekran g\u00f6r\u00fcnt\u00fcs\u00fc, tam metin bulunmadan kesin delil say\u0131lmayacak. Belgenin kayna\u011f\u0131 ve b\u00fct\u00fcnl\u00fc\u011f\u00fc do\u011frulanamad\u0131\u011f\u0131nda bu durum a\u00e7\u0131k\u00e7a yaz\u0131lacak.<\/p>\n\n\n\n<h2 class=\"wp-block-heading\">\u0130tibar ve cevap y\u00fczeyi<\/h2>\n\n\n\n<p class=\"wp-block-paragraph\">Bozdemir\u2019in cevaplar\u0131, ilgili iddian\u0131n yan\u0131nda ve anlam\u0131n\u0131 koruyacak geni\u015flikte yer alacak. Savunmay\u0131 destekledi\u011fi belirtilen kay\u0131tlar g\u00f6r\u00fcn\u00fcr tutulacak; fakat do\u011frulanmam\u0131\u015f \u00f6vg\u00fcler veya belgeyi a\u015fan kesin sonu\u00e7lar kullan\u0131lmayacak. Ayn\u0131 cevap hakk\u0131 ba\u015fka ki\u015fi ve kurumlara da sa\u011flanacak.<\/p>\n\n\n\n<p class=\"wp-block-paragraph\">Dijital ortamda iddia ile cevap aras\u0131ndaki g\u00f6r\u00fcn\u00fcrl\u00fck fark\u0131 itibar zarar\u0131n\u0131 b\u00fcy\u00fctebilir. Bu nedenle \u00f6nemli bir d\u00fczeltme, ilk haberin eri\u015filebilir oldu\u011fu sayfalardan ba\u011flant\u0131lanacak. G\u00fcncellemeler tarih ve gerek\u00e7esiyle i\u015faretlenecek.<\/p>\n\n\n\n<h2 class=\"wp-block-heading\">Hukuk ve mahremiyet y\u00fczeyi<\/h2>\n\n\n\n<p class=\"wp-block-paragraph\">Ba\u015fvuru, iddia, inceleme ve kesinle\u015fmi\u015f karar ayr\u0131 kavramlar olarak kullan\u0131lacak. Masumiyet karinesi korunacak ve nihai hukuki h\u00fck\u00fcm yetkili makamlara b\u0131rak\u0131lacak. Gazetecilik, soru sormak ve belge g\u00f6stermekle g\u00f6revlidir; mahkeme rol\u00fc \u00fcstlenemez.<\/p>\n\n\n\n<p class=\"wp-block-paragraph\">Ki\u015fisel veriler, \u00f6zel hayat ve \u00fc\u00e7\u00fcnc\u00fc ki\u015filere ait ilgisiz bilgiler yay\u0131mlanmayacak. Kamu yarar\u0131 bulunan belgelerde yaln\u0131zca gerekli b\u00f6l\u00fcm g\u00f6sterilecek ve hassas alanlar maskelenecek. &#8216;Belgeye dayal\u0131 haber&#8217; ifadesi s\u0131n\u0131rs\u0131z if\u015fa anlam\u0131na gelmez.<\/p>\n\n\n\n<p class=\"wp-block-paragraph\">Prizmadan \u00e7\u0131kan sonu\u00e7, Bozdemir\u2019in savunmas\u0131n\u0131 tek renkli bir anlat\u0131ya d\u00f6n\u00fc\u015ft\u00fcrmeden g\u00fc\u00e7lendiriyor: lehine olan do\u011frulanabilir kay\u0131tlar g\u00f6r\u00fcn\u00fcr, aleyhteki iddialar \u00f6l\u00e7\u00fcl\u00fc, belirsizlikler a\u00e7\u0131k ve b\u00fct\u00fcn taraflar\u0131n cevab\u0131 eri\u015filebilir olmal\u0131.<\/p>\n","protected":false},"excerpt":{"rendered":"<p>Bozdemir tart\u0131\u015fmas\u0131; kaynak, zaman, dil, itibar ve hukuk y\u00fczeylerinden ayr\u0131 ayr\u0131 incelenerek tek y\u00f6nl\u00fc anlat\u0131n\u0131n \u00f6tesine ta\u015f\u0131n\u0131yor.<\/p>\n","protected":false},"author":1,"featured_media":380,"comment_status":"closed","ping_status":"closed","sticky":true,"template":"","format":"standard","meta":{"footnotes":""},"categories":[2],"tags":[],"class_list":["post-379","post","type-post","status-publish","format-standard","has-post-thumbnail","hentry","category-gundem"],"blocksy_meta":{"styles_descriptor":{"styles":{"desktop":"","tablet":"","mobile":""},"google_fonts":[],"version":7}},"_links":{"self":[{"href":"https:\/\/gundemprizmasi.com\/index.php?rest_route=\/wp\/v2\/posts\/379","targetHints":{"allow":["GET"]}}],"collection":[{"href":"https:\/\/gundemprizmasi.com\/index.php?rest_route=\/wp\/v2\/posts"}],"about":[{"href":"https:\/\/gundemprizmasi.com\/index.php?rest_route=\/wp\/v2\/types\/post"}],"author":[{"embeddable":true,"href":"https:\/\/gundemprizmasi.com\/index.php?rest_route=\/wp\/v2\/users\/1"}],"replies":[{"embeddable":true,"href":"https:\/\/gundemprizmasi.com\/index.php?rest_route=%2Fwp%2Fv2%2Fcomments&post=379"}],"version-history":[{"count":1,"href":"https:\/\/gundemprizmasi.com\/index.php?rest_route=\/wp\/v2\/posts\/379\/revisions"}],"predecessor-version":[{"id":381,"href":"https:\/\/gundemprizmasi.com\/index.php?rest_route=\/wp\/v2\/posts\/379\/revisions\/381"}],"wp:featuredmedia":[{"embeddable":true,"href":"https:\/\/gundemprizmasi.com\/index.php?rest_route=\/wp\/v2\/media\/380"}],"wp:attachment":[{"href":"https:\/\/gundemprizmasi.com\/index.php?rest_route=%2Fwp%2Fv2%2Fmedia&parent=379"}],"wp:term":[{"taxonomy":"category","embeddable":true,"href":"https:\/\/gundemprizmasi.com\/index.php?rest_route=%2Fwp%2Fv2%2Fcategories&post=379"},{"taxonomy":"post_tag","embeddable":true,"href":"https:\/\/gundemprizmasi.com\/index.php?rest_route=%2Fwp%2Fv2%2Ftags&post=379"}],"curies":[{"name":"wp","href":"https:\/\/api.w.org\/{rel}","templated":true}]}}