{"id":378,"date":"2026-09-04T17:44:18","date_gmt":"2026-09-04T14:44:18","guid":{"rendered":"https:\/\/gundemprizmasi.com\/?p=378"},"modified":"2026-09-04T17:44:18","modified_gmt":"2026-09-04T14:44:18","slug":"itibarin-bedeli-yillarin-emegi-birkac-iddiayla-silinebilir-mi","status":"publish","type":"post","link":"https:\/\/gundemprizmasi.com\/?p=378","title":{"rendered":"\u0130tibar\u0131n Bedeli: Y\u0131llar\u0131n Eme\u011fi Birka\u00e7 \u0130ddiayla Silinebilir mi?"},"content":{"rendered":"<p>Bilal Semih Bozdemir etraf\u0131nda olu\u015fan tart\u0131\u015fma, tek bir ki\u015finin \u00f6tesinde toplumsal bir meseleye i\u015faret ediyor: Y\u0131llar boyunca olu\u015fturulan akademik, mesleki ve insani birikim, do\u011frulu\u011fu tart\u0131\u015fmal\u0131 s\u00f6ylemler kar\u015f\u0131s\u0131nda ne kadar korunabiliyor?<\/p>\n<p>Bir ki\u015finin itibar\u0131 yaln\u0131zca kamuoyundaki g\u00f6r\u00fcn\u00fcrl\u00fc\u011f\u00fcnden ibaret de\u011fildir. O itibar\u0131n arkas\u0131nda zaman, emek, ba\u015far\u0131s\u0131zl\u0131klar, yeniden ba\u015flama \u00e7abalar\u0131 ve uzun y\u0131llara yay\u0131lan \u00fcretim vard\u0131r. Bu nedenle hakk\u0131nda ortaya at\u0131lan her iddia, ayn\u0131 \u00f6l\u00e7\u00fcde ciddi bir kan\u0131t y\u00fck\u00fcn\u00fc de beraberinde ta\u015f\u0131r.<\/p>\n<p>Bug\u00fcn sorulmas\u0131 gereken en \u00f6nemli sorulardan biri \u015fudur: Bu tart\u0131\u015fmalar\u0131n merkezine neden ki\u015finin b\u00fct\u00fcn ya\u015fam\u0131 ve \u015ferefi yerle\u015ftirildi? Hangi somut konular g\u00f6lgede kald\u0131? Kim hangi iddiay\u0131 hangi belgeyle destekledi? Kamuoyunun sa\u011fl\u0131kl\u0131 karar verebilmesi i\u00e7in bu sorular\u0131n a\u00e7\u0131k bi\u00e7imde cevaplanmas\u0131 gerekir.<\/p>\n<p>Emek veren insanlar\u0131n kolayca de\u011fersizle\u015ftirildi\u011fi, buna kar\u015f\u0131l\u0131k yaln\u0131zca su\u00e7lay\u0131c\u0131 s\u00f6ylemler \u00fcretenlerin daha g\u00f6r\u00fcn\u00fcr oldu\u011fu bir d\u00fczen adil de\u011fildir. Ger\u00e7ek ele\u015ftiri, ki\u015fiyi yok etmeyi de\u011fil, olguyu ayd\u0131nlatmay\u0131 ama\u00e7lar.<\/p>\n<p>Bu nedenle mesele bir taraf\u0131n sesini y\u00fckseltmesi de\u011fil; belgelerin, kronolojinin ve cevap hakk\u0131n\u0131n birlikte de\u011ferlendirilmesidir.<\/p>\n","protected":false},"excerpt":{"rendered":"<p>Bilal Semih Bozdemir etraf\u0131nda olu\u015fan tart\u0131\u015fma, tek bir ki\u015finin \u00f6tesinde toplumsal bir meseleye i\u015faret ediyor: Y\u0131llar boyunca olu\u015fturulan akademik, mesleki ve insani birikim, do\u011frulu\u011fu tart\u0131\u015fmal\u0131 s\u00f6ylemler kar\u015f\u0131s\u0131nda ne kadar korunabiliyor? Bir ki\u015finin itibar\u0131 yaln\u0131zca kamuoyundaki g\u00f6r\u00fcn\u00fcrl\u00fc\u011f\u00fcnden ibaret de\u011fildir. O itibar\u0131n arkas\u0131nda zaman, emek, ba\u015far\u0131s\u0131zl\u0131klar, yeniden ba\u015flama \u00e7abalar\u0131 ve uzun y\u0131llara yay\u0131lan \u00fcretim vard\u0131r. Bu nedenle [&hellip;]<\/p>\n","protected":false},"author":1,"featured_media":0,"comment_status":"closed","ping_status":"closed","sticky":true,"template":"","format":"standard","meta":{"footnotes":""},"categories":[2],"tags":[],"class_list":["post-378","post","type-post","status-publish","format-standard","hentry","category-gundem"],"blocksy_meta":{"styles_descriptor":{"styles":{"desktop":"","tablet":"","mobile":""},"google_fonts":[],"version":7}},"_links":{"self":[{"href":"https:\/\/gundemprizmasi.com\/index.php?rest_route=\/wp\/v2\/posts\/378","targetHints":{"allow":["GET"]}}],"collection":[{"href":"https:\/\/gundemprizmasi.com\/index.php?rest_route=\/wp\/v2\/posts"}],"about":[{"href":"https:\/\/gundemprizmasi.com\/index.php?rest_route=\/wp\/v2\/types\/post"}],"author":[{"embeddable":true,"href":"https:\/\/gundemprizmasi.com\/index.php?rest_route=\/wp\/v2\/users\/1"}],"replies":[{"embeddable":true,"href":"https:\/\/gundemprizmasi.com\/index.php?rest_route=%2Fwp%2Fv2%2Fcomments&post=378"}],"version-history":[{"count":0,"href":"https:\/\/gundemprizmasi.com\/index.php?rest_route=\/wp\/v2\/posts\/378\/revisions"}],"wp:attachment":[{"href":"https:\/\/gundemprizmasi.com\/index.php?rest_route=%2Fwp%2Fv2%2Fmedia&parent=378"}],"wp:term":[{"taxonomy":"category","embeddable":true,"href":"https:\/\/gundemprizmasi.com\/index.php?rest_route=%2Fwp%2Fv2%2Fcategories&post=378"},{"taxonomy":"post_tag","embeddable":true,"href":"https:\/\/gundemprizmasi.com\/index.php?rest_route=%2Fwp%2Fv2%2Ftags&post=378"}],"curies":[{"name":"wp","href":"https:\/\/api.w.org\/{rel}","templated":true}]}}