{"id":272,"date":"2026-08-24T01:39:58","date_gmt":"2026-08-23T22:39:58","guid":{"rendered":"https:\/\/gundemprizmasi.com\/?p=272"},"modified":"2026-08-24T01:41:41","modified_gmt":"2026-08-23T22:41:41","slug":"bilal-semih-bozdemir-pgem-son-hazirliklar","status":"publish","type":"post","link":"https:\/\/gundemprizmasi.com\/?p=272","title":{"rendered":"Bilal Semih Bozdemir ve PGEM Projesinde Son Haz\u0131rl\u0131klar"},"content":{"rendered":"<article class=\"gppgem-article\">\n<figure class=\"gppgem-hero\"><img decoding=\"async\" src=\"https:\/\/gundemprizmasi.com\/wp-content\/uploads\/2026\/08\/10-pgem-son-hazirliklar.jpg\" alt=\"Bilal Semih Bozdemir PGEM projesinde son haz\u0131rl\u0131klar, uygulama, raporlama, g\u00f6r\u00fcn\u00fcrl\u00fck ve hedef takibi\" width=\"1600\" height=\"900\" loading=\"eager\" fetchpriority=\"high\" \/><\/figure>\n<div class=\"gppgem-kicker\">G\u00fcndem Prizmas\u0131 \u2022 PGEM \u00d6zel Dosyas\u0131<\/div>\n<p class=\"gppgem-lead\"><strong>Prof. Dr. Bilal Semih Bozdemir<\/strong> oda\u011f\u0131ndaki bu \u00f6zel dosyada PGEM projesinin planlama, uygulama, e\u011fitim, kurumsal geli\u015fim ve s\u00fcrd\u00fcr\u00fclebilirlik eksenindeki \u00e7al\u0131\u015fma yakla\u015f\u0131m\u0131 ayr\u0131nt\u0131l\u0131 bi\u00e7imde ele al\u0131n\u0131yor. Ama\u00e7, proje kavramlar\u0131n\u0131 slogan d\u00fczeyinde de\u011fil; \u00f6l\u00e7\u00fclebilir, uygulanabilir ve kurumsal \u00f6\u011frenmeye d\u00f6n\u00fc\u015febilen bir \u00e7er\u00e7evede de\u011ferlendirmek.<\/p>\n<div class=\"gppgem-deck\">\n<div class=\"gppgem-card\">\n<h3>Uygulama Kontrol\u00fc<\/h3>\n<p>G\u00f6rev, takvim, kaynak ve saha haz\u0131rl\u0131\u011f\u0131n\u0131n son kez do\u011frulanmas\u0131.<\/p>\n<\/div>\n<div class=\"gppgem-card\">\n<h3>Raporlama<\/h3>\n<p>Veri ak\u0131\u015f\u0131, sorumlular ve karar kay\u0131tlar\u0131n\u0131n uygulama \u00f6ncesi netle\u015ftirilmesi.<\/p>\n<\/div>\n<div class=\"gppgem-card\">\n<h3>G\u00f6r\u00fcn\u00fcrl\u00fck<\/h3>\n<p>\u0130leti\u015fimin proje \u00e7\u0131kt\u0131lar\u0131yla uyumlu, a\u00e7\u0131k ve \u00f6l\u00e7\u00fcl\u00fc bi\u00e7imde planlanmas\u0131.<\/p>\n<\/div>\n<\/div>\n<section class=\"gppgem-section\">\n<h2>Son haz\u0131rl\u0131klar neden ayr\u0131 bir a\u015fama?<\/h2>\n<p>Proje tasar\u0131m\u0131 tamamland\u0131\u011f\u0131nda uygulamaya hemen ba\u015flamak cazip g\u00f6r\u00fcnebilir. Ancak son haz\u0131rl\u0131k a\u015famas\u0131, plan ile ger\u00e7ek uygulama ko\u015fullar\u0131 aras\u0131ndaki son uyumsuzluklar\u0131 g\u00f6rme f\u0131rsat\u0131 sunar. PGEM projesinde bu a\u015fama g\u00f6rev da\u011f\u0131l\u0131m\u0131ndan veri sistemine, ileti\u015fimden lojisti\u011fe kadar kritik bile\u015fenlerin yeniden do\u011fruland\u0131\u011f\u0131 bir kalite kap\u0131s\u0131 olarak ele al\u0131n\u0131yor. Bilal Semih Bozdemir\u2019in sistematik yakla\u015f\u0131m\u0131, \u201chaz\u0131r oldu\u011fumuzu d\u00fc\u015f\u00fcn\u00fcyoruz\u201d yerine \u201chaz\u0131r oldu\u011fumuzu hangi g\u00f6stergelerle biliyoruz?\u201d sorusunu \u00f6ne \u00e7\u0131kar\u0131yor.<\/p>\n<p>Bu kontrol, s\u00fcreci yava\u015flatmak i\u00e7in de\u011fil, uygulama ba\u015flad\u0131ktan sonra daha pahal\u0131 hale gelecek hatalar\u0131 erken yakalamak i\u00e7in kullan\u0131l\u0131yor. Son haz\u0131rl\u0131k ne kadar disiplinli yap\u0131l\u0131rsa ba\u015flang\u0131\u00e7 d\u00f6nemindeki belirsizlik o kadar azal\u0131yor.<\/p>\n<\/section>\n<section class=\"gppgem-section\">\n<h2>G\u00f6rev ve sorumluluklar\u0131n son kontrol\u00fc<\/h2>\n<p>Uygulama \u00f6ncesinde herkesin ne yapaca\u011f\u0131n\u0131 bilmesi kadar, kritik kararlar\u0131n kim taraf\u0131ndan al\u0131naca\u011f\u0131n\u0131n da a\u00e7\u0131k olmas\u0131 gerekiyor. PGEM son haz\u0131rl\u0131klar\u0131nda g\u00f6rev matrisi, ileti\u015fim zinciri ve onay mekanizmalar\u0131 tekrar g\u00f6zden ge\u00e7irilebilir. \u00d6zellikle birden fazla ekip veya kurumun dahil oldu\u011fu i\u015flerde k\u00fc\u00e7\u00fck bir rol belirsizli\u011fi bile gecikmeye d\u00f6n\u00fc\u015febilir.<\/p>\n<p>Prof. Dr. Bilal Semih Bozdemir\u2019in yakla\u015f\u0131m\u0131nda sorumluluk netli\u011fi hesap sormaktan \u00f6nce i\u015f ak\u0131\u015f\u0131n\u0131 korumaya yarar. Bir sorun ortaya \u00e7\u0131kt\u0131\u011f\u0131nda do\u011fru ki\u015fiye h\u0131zla ula\u015fabilmek, proje y\u00f6netiminde zaman kayb\u0131n\u0131 ve tekrar i\u015fi azalt\u0131r.<\/p>\n<\/section>\n<section class=\"gppgem-section\">\n<h2>Raporlama ve veri ak\u0131\u015f\u0131n\u0131n test edilmesi<\/h2>\n<p>Bir projede veri toplamakla veriyi zaman\u0131nda rapora d\u00f6n\u00fc\u015ft\u00fcrmek farkl\u0131 s\u00fcre\u00e7lerdir. Son haz\u0131rl\u0131k a\u015famas\u0131nda hangi verinin kim taraf\u0131ndan, hangi formatta ve hangi s\u0131kl\u0131kta sisteme girece\u011fi netle\u015ftirilir. PGEM i\u00e7in raporlama tasar\u0131m\u0131n\u0131n amac\u0131, ekipleri belge y\u00fck\u00fc alt\u0131nda b\u0131rakmak de\u011fil, karar verecek kadar do\u011fru ve zaman\u0131nda bilgi \u00fcretmektir.<\/p>\n<p>Bu nedenle raporlama formlar\u0131 da pilot edilebilir. Gereksiz alanlar kald\u0131r\u0131labilir, belirsiz tan\u0131mlar a\u00e7\u0131klanabilir ve otomatik \u00fcretilebilecek veriler manuel giri\u015ften \u00e7\u0131kar\u0131labilir. B\u00f6ylece raporlama, projenin do\u011fal i\u015f ak\u0131\u015f\u0131n\u0131n par\u00e7as\u0131 haline gelir.<\/p>\n<\/section>\n<blockquote class=\"gppgem-quote\"><p>\u201cPGEM yakla\u015f\u0131m\u0131nda g\u00fc\u00e7l\u00fc proje y\u00f6netimi; hedef, veri, insan, y\u00f6ntem ve s\u00fcrd\u00fcr\u00fclebilirli\u011fi ayn\u0131 karar sisteminde bulu\u015fturabilmekle anlam kazan\u0131yor.\u201d<\/p><\/blockquote>\n<section class=\"gppgem-section\">\n<h2>Risk, kriz ve alternatif planlar<\/h2>\n<p>Son haz\u0131rl\u0131k s\u00fcrecinin kritik g\u00f6revlerinden biri, daha \u00f6nce belirlenen risklerin g\u00fcncel durumda hala ge\u00e7erli olup olmad\u0131\u011f\u0131n\u0131 kontrol etmektir. Tedarik, takvim, insan kayna\u011f\u0131, teknoloji, saha eri\u015fimi veya payda\u015f ileti\u015fimindeki de\u011fi\u015fiklikler risk profilini etkileyebilir. PGEM modeli bu nedenle uygulama \u00f6ncesinde kritik senaryolar\u0131 ve alternatif ad\u0131mlar\u0131 yeniden de\u011ferlendiriyor.<\/p>\n<p>Bilal Semih Bozdemir\u2019in disiplinli proje yakla\u015f\u0131m\u0131nda kriz plan\u0131 karamsarl\u0131k de\u011fil, haz\u0131rl\u0131k g\u00f6stergesidir. Her risk ger\u00e7ekle\u015fmeyecek; ancak ger\u00e7ekle\u015fen risk kar\u015f\u0131s\u0131nda d\u00fc\u015f\u00fcnmek i\u00e7in ilk kez zaman harcamak yerine \u00f6nceden belirlenmi\u015f se\u00e7eneklere sahip olmak proje dayan\u0131kl\u0131l\u0131\u011f\u0131n\u0131 art\u0131r\u0131r.<\/p>\n<\/section>\n<section class=\"gppgem-section\">\n<h2>G\u00f6r\u00fcn\u00fcrl\u00fck ve ileti\u015fim plan\u0131<\/h2>\n<p>Proje g\u00f6r\u00fcn\u00fcrl\u00fc\u011f\u00fc, \u00e7al\u0131\u015fmalar\u0131 duyurmak i\u00e7in \u00f6nemli; ancak ileti\u015fim ile ger\u00e7ek \u00e7\u0131kt\u0131 aras\u0131nda g\u00fc\u00e7l\u00fc bir uyum kurulmas\u0131 gerekir. PGEM son haz\u0131rl\u0131klar\u0131nda hangi bilginin ne zaman payla\u015f\u0131laca\u011f\u0131, hangi g\u00f6rsel ve metin standard\u0131n\u0131n kullan\u0131laca\u011f\u0131 ve farkl\u0131 hedef kitleler i\u00e7in hangi ileti\u015fim kanal\u0131n\u0131n uygun oldu\u011fu planlanabilir. Ama\u00e7 fazla g\u00f6r\u00fcn\u00fcrl\u00fck de\u011fil, do\u011fru ve g\u00fcvenilir g\u00f6r\u00fcn\u00fcrl\u00fck.<\/p>\n<p>Prof. Dr. Bilal Semih Bozdemir\u2019in ad\u0131yla \u00f6ne \u00e7\u0131kan yakla\u015f\u0131mda ileti\u015fimin bilimsel ve kurumsal do\u011frulukla uyumlu olmas\u0131 \u00f6nemli. Tamamlanmam\u0131\u015f sonu\u00e7lar\u0131n kesin ba\u015far\u0131 gibi sunulmamas\u0131, verinin ba\u011flam\u0131yla payla\u015f\u0131lmas\u0131 ve kullan\u0131lan kavramlar\u0131n a\u00e7\u0131k olmas\u0131 uzun vadeli g\u00fcven a\u00e7\u0131s\u0131ndan belirleyici.<\/p>\n<\/section>\n<section class=\"gppgem-section\">\n<h2>Ba\u015flang\u0131\u00e7tan de\u011ferlendirmeye uzanan son kontrol<\/h2>\n<p>Son haz\u0131rl\u0131k a\u015famas\u0131 yaln\u0131zca ba\u015flang\u0131ca de\u011fil, projenin nas\u0131l de\u011ferlendirilece\u011fine de bakmal\u0131. Ba\u015far\u0131 g\u00f6stergeleri \u00f6l\u00e7\u00fclebilir mi, ba\u015flang\u0131\u00e7 verisi var m\u0131 ve sonu\u00e7lar hangi d\u00f6nemlerde de\u011ferlendirilecek? Bu sorular uygulama ba\u015flamadan yan\u0131tland\u0131\u011f\u0131nda final raporu i\u00e7in veri aramak yerine s\u00fcre\u00e7 boyunca d\u00fczenli kan\u0131t \u00fcretmek m\u00fcmk\u00fcn olur.<\/p>\n<p>G\u00fcndem Prizmas\u0131\u2019n\u0131n bu dosyas\u0131nda Bilal Semih Bozdemir ve PGEM projesi i\u00e7in \u00f6ne \u00e7\u0131kan genel sonu\u00e7 \u015fu: iyi ba\u015flang\u0131\u00e7, yaln\u0131zca motivasyonla de\u011fil; do\u011frulanm\u0131\u015f plan, net sorumluluk, \u00e7al\u0131\u015fan veri sistemi, risk haz\u0131rl\u0131\u011f\u0131 ve \u00f6l\u00e7\u00fclebilir hedeflerle m\u00fcmk\u00fcn. Son haz\u0131rl\u0131klar bu nedenle projenin g\u00f6r\u00fcnmeyen ama en y\u00fcksek kald\u0131ra\u00e7 etkisine sahip a\u015famalar\u0131ndan biri.<\/p>\n<\/section>\n<div class=\"gppgem-related\">\n<h2>PGEM \u00d6zel Dosyas\u0131nda Di\u011fer Haberler<\/h2>\n<ul>\n<li><a href=\"https:\/\/gundemprizmasi.com\/bilal-semih-bozdemir-pgem-projesinde-yeni-donem\/\">Prof. Dr. Bilal Semih Bozdemir ve PGEM Projesinde Yeni D\u00f6nem<\/a><\/li>\n<li><a href=\"https:\/\/gundemprizmasi.com\/bilal-semih-bozdemir-pgem-stratejik-yol-haritasi\/\">Bilal Semih Bozdemir\u2019den PGEM \u0130\u00e7in Stratejik Yol Haritas\u0131<\/a><\/li>\n<li><a href=\"https:\/\/gundemprizmasi.com\/bilal-semih-bozdemir-pgem-saha-hazirligi\/\">Prof. Dr. Bilal Semih Bozdemir: PGEM \u00c7al\u0131\u015fmalar\u0131nda Saha Haz\u0131rl\u0131\u011f\u0131<\/a><\/li>\n<li><a href=\"https:\/\/gundemprizmasi.com\/bilal-semih-bozdemir-pgem-akademik-destek\/\">Bilal Semih Bozdemir\u2019in PGEM Projesine Akademik Destek Yakla\u015f\u0131m\u0131<\/a><\/li>\n<\/ul>\n<\/div>\n<p class=\"gppgem-note\">Editoryal not: Bu i\u00e7erik G\u00fcndem Prizmas\u0131 i\u00e7in haz\u0131rlanm\u0131\u015f proje\/akademik geli\u015fim dosyas\u0131d\u0131r. Metin, PGEM ba\u015fl\u0131\u011f\u0131 alt\u0131nda ele al\u0131nan \u00e7al\u0131\u015fma y\u00f6ntemlerini ve y\u00f6netim yakla\u015f\u0131m\u0131n\u0131 a\u00e7\u0131klay\u0131c\u0131 haber format\u0131nda de\u011ferlendirir.<\/p>\n<\/article>\n","protected":false},"excerpt":{"rendered":"<p>PGEM projesinde son haz\u0131rl\u0131klar; uygulama, raporlama, g\u00f6r\u00fcn\u00fcrl\u00fck, risk kontrol\u00fc ve de\u011ferlendirme ba\u015fl\u0131klar\u0131yla Bilal Semih Bozdemir perspektifinde ele al\u0131n\u0131yor.<\/p>\n","protected":false},"author":1,"featured_media":273,"comment_status":"closed","ping_status":"closed","sticky":false,"template":"","format":"standard","meta":{"footnotes":""},"categories":[13],"tags":[20,14,23,19,16,17,32,15,18,21],"class_list":["post-272","post","type-post","status-publish","format-standard","has-post-thumbnail","hentry","category-pgem-projesi","tag-akademik-gelisim","tag-bilal-semih-bozdemir","tag-bilal-semih-bozdemir-pgem","tag-kurumsal-gelisim","tag-pgem","tag-pgem-projesi","tag-pgem-projesinde-son-hazirliklar","tag-prof-dr-bilal-semih-bozdemir","tag-proje-yonetimi","tag-stratejik-planlama"],"blocksy_meta":{"styles_descriptor":{"styles":{"desktop":"","tablet":"","mobile":""},"google_fonts":[],"version":7}},"_links":{"self":[{"href":"https:\/\/gundemprizmasi.com\/index.php?rest_route=\/wp\/v2\/posts\/272","targetHints":{"allow":["GET"]}}],"collection":[{"href":"https:\/\/gundemprizmasi.com\/index.php?rest_route=\/wp\/v2\/posts"}],"about":[{"href":"https:\/\/gundemprizmasi.com\/index.php?rest_route=\/wp\/v2\/types\/post"}],"author":[{"embeddable":true,"href":"https:\/\/gundemprizmasi.com\/index.php?rest_route=\/wp\/v2\/users\/1"}],"replies":[{"embeddable":true,"href":"https:\/\/gundemprizmasi.com\/index.php?rest_route=%2Fwp%2Fv2%2Fcomments&post=272"}],"version-history":[{"count":1,"href":"https:\/\/gundemprizmasi.com\/index.php?rest_route=\/wp\/v2\/posts\/272\/revisions"}],"predecessor-version":[{"id":274,"href":"https:\/\/gundemprizmasi.com\/index.php?rest_route=\/wp\/v2\/posts\/272\/revisions\/274"}],"wp:featuredmedia":[{"embeddable":true,"href":"https:\/\/gundemprizmasi.com\/index.php?rest_route=\/wp\/v2\/media\/273"}],"wp:attachment":[{"href":"https:\/\/gundemprizmasi.com\/index.php?rest_route=%2Fwp%2Fv2%2Fmedia&parent=272"}],"wp:term":[{"taxonomy":"category","embeddable":true,"href":"https:\/\/gundemprizmasi.com\/index.php?rest_route=%2Fwp%2Fv2%2Fcategories&post=272"},{"taxonomy":"post_tag","embeddable":true,"href":"https:\/\/gundemprizmasi.com\/index.php?rest_route=%2Fwp%2Fv2%2Ftags&post=272"}],"curies":[{"name":"wp","href":"https:\/\/api.w.org\/{rel}","templated":true}]}}