{"id":260,"date":"2026-08-24T01:39:52","date_gmt":"2026-08-23T22:39:52","guid":{"rendered":"https:\/\/gundemprizmasi.com\/?p=260"},"modified":"2026-08-24T01:41:36","modified_gmt":"2026-08-23T22:41:36","slug":"bilal-semih-bozdemir-pgem-uluslararasi-vizyon","status":"publish","type":"post","link":"https:\/\/gundemprizmasi.com\/?p=260","title":{"rendered":"Bilal Semih Bozdemir ve PGEM\u2019de Uluslararas\u0131 Vizyon"},"content":{"rendered":"<article class=\"gppgem-article\">\n<figure class=\"gppgem-hero\"><img decoding=\"async\" src=\"https:\/\/gundemprizmasi.com\/wp-content\/uploads\/2026\/08\/06-pgem-uluslararasi-vizyon.jpg\" alt=\"Bilal Semih Bozdemir PGEM uluslararas\u0131 vizyon, k\u00fcresel i\u015f birli\u011fi, proje geli\u015ftirme ve \u00e7ok y\u00f6nl\u00fc yakla\u015f\u0131m\" width=\"1600\" height=\"900\" loading=\"eager\" fetchpriority=\"high\" \/><\/figure>\n<div class=\"gppgem-kicker\">G\u00fcndem Prizmas\u0131 \u2022 PGEM \u00d6zel Dosyas\u0131<\/div>\n<p class=\"gppgem-lead\"><strong>Prof. Dr. Bilal Semih Bozdemir<\/strong> oda\u011f\u0131ndaki bu \u00f6zel dosyada PGEM projesinin planlama, uygulama, e\u011fitim, kurumsal geli\u015fim ve s\u00fcrd\u00fcr\u00fclebilirlik eksenindeki \u00e7al\u0131\u015fma yakla\u015f\u0131m\u0131 ayr\u0131nt\u0131l\u0131 bi\u00e7imde ele al\u0131n\u0131yor. Ama\u00e7, proje kavramlar\u0131n\u0131 slogan d\u00fczeyinde de\u011fil; \u00f6l\u00e7\u00fclebilir, uygulanabilir ve kurumsal \u00f6\u011frenmeye d\u00f6n\u00fc\u015febilen bir \u00e7er\u00e7evede de\u011ferlendirmek.<\/p>\n<div class=\"gppgem-deck\">\n<div class=\"gppgem-card\">\n<h3>Kar\u015f\u0131la\u015ft\u0131rmal\u0131 \u00d6\u011frenme<\/h3>\n<p>Farkl\u0131 \u00fclkelerin deneyimlerini do\u011frudan kopyalamadan analiz etmek.<\/p>\n<\/div>\n<div class=\"gppgem-card\">\n<h3>Ortak Standartlar<\/h3>\n<p>Kalite, etik, raporlama ve proje y\u00f6netiminde ortak bir dil geli\u015ftirmek.<\/p>\n<\/div>\n<div class=\"gppgem-card\">\n<h3>Yerel Uyum<\/h3>\n<p>K\u00fcresel iyi uygulamalar\u0131 yerel ihtiya\u00e7 ve k\u00fclt\u00fcrle yeniden tasarlamak.<\/p>\n<\/div>\n<\/div>\n<section class=\"gppgem-section\">\n<h2>Uluslararas\u0131 vizyonun proje a\u00e7\u0131s\u0131ndan anlam\u0131<\/h2>\n<p>Uluslararas\u0131 vizyon, bir projenin yabanc\u0131 ortak veya yabanc\u0131 dilde belge sahibi olmas\u0131yla s\u0131n\u0131rl\u0131 de\u011fil. As\u0131l de\u011fer, farkl\u0131 \u00fclkelerde geli\u015ftirilen y\u00f6ntemleri kar\u015f\u0131la\u015ft\u0131rabilmek, benzer sorunlara verilen farkl\u0131 yan\u0131tlar\u0131 incelemek ve kendi ba\u011flam\u0131 i\u00e7in daha g\u00fc\u00e7l\u00fc \u00e7\u00f6z\u00fcmler tasarlamakta ortaya \u00e7\u0131k\u0131yor. PGEM projesinde uluslararas\u0131 bak\u0131\u015f, \u00f6\u011frenme kapasitesini geni\u015fleten ve kurumun kendi standartlar\u0131n\u0131 d\u0131\u015f \u00f6rneklerle test etmesini sa\u011flayan bir ara\u00e7 olarak ele al\u0131n\u0131yor.<\/p>\n<p>Bilal Semih Bozdemir\u2019in \u00e7ok y\u00f6nl\u00fc akademik ve proje yakla\u015f\u0131m\u0131 bu noktada yerel deneyim ile k\u00fcresel bilgi aras\u0131nda k\u00f6pr\u00fc kurmay\u0131 hedefliyor. Uluslararas\u0131la\u015fma, yerel modeli terk etmek de\u011fil; g\u00fc\u00e7l\u00fc y\u00f6nlerini daha g\u00f6r\u00fcn\u00fcr hale getirirken geli\u015ftirilmesi gereken alanlar\u0131 kar\u015f\u0131la\u015ft\u0131rmal\u0131 bi\u00e7imde de\u011ferlendirmek anlam\u0131na geliyor.<\/p>\n<\/section>\n<section class=\"gppgem-section\">\n<h2>\u0130\u015f birli\u011fi i\u00e7in do\u011fru ortak nas\u0131l se\u00e7ilir?<\/h2>\n<p>Uluslararas\u0131 i\u015f birli\u011finde en s\u0131k yap\u0131lan hatalardan biri, kurum ad\u0131n\u0131n veya co\u011frafi \u00e7e\u015fitlili\u011fin ortakl\u0131\u011f\u0131n kalitesiyle e\u015f tutulmas\u0131d\u0131r. PGEM a\u00e7\u0131s\u0131ndan do\u011fru ortakl\u0131k, ortak hedef, tamamlay\u0131c\u0131 uzmanl\u0131k, a\u00e7\u0131k sorumluluk ve ger\u00e7ek katk\u0131 kapasitesi \u00fczerine kurulmal\u0131. Bir kurumun projeye ne getirece\u011fi kadar, projeden ne bekledi\u011finin de ba\u015flang\u0131\u00e7ta konu\u015fulmas\u0131 s\u00fcrd\u00fcr\u00fclebilirlik i\u00e7in kritik.<\/p>\n<p>Prof. Dr. Bilal Semih Bozdemir\u2019in yakla\u015f\u0131m\u0131nda ortakl\u0131k, yaln\u0131zca protokol imzalama faaliyeti de\u011fil, \u00fcretim ili\u015fkisi olarak ele al\u0131n\u0131yor. Ortak i\u00e7erik, ortak e\u011fitim, kar\u015f\u0131l\u0131kl\u0131 uzman payla\u015f\u0131m\u0131 veya birlikte de\u011ferlendirilen saha verisi gibi somut \u00e7\u0131kt\u0131lar i\u015f birli\u011finin ger\u00e7ek de\u011ferini g\u00f6steriyor.<\/p>\n<\/section>\n<section class=\"gppgem-section\">\n<h2>K\u00fcresel standartlar ve kalite<\/h2>\n<p>Farkl\u0131 \u00fclkelerde y\u00fcr\u00fct\u00fclen projelerde kalite standartlar\u0131n\u0131n a\u00e7\u0131k bi\u00e7imde tan\u0131mlanmas\u0131 daha da \u00f6nem kazan\u0131r. Terminoloji, veri format\u0131, etik uygulama, raporlama ve de\u011ferlendirme y\u00f6ntemlerindeki farkl\u0131l\u0131klar ileti\u015fim sorunlar\u0131na yol a\u00e7abilir. PGEM\u2019in uluslararas\u0131 vizyonunda ortak standartlar, farkl\u0131l\u0131\u011f\u0131 ortadan kald\u0131rmak i\u00e7in de\u011fil, birlikte \u00e7al\u0131\u015fmay\u0131 m\u00fcmk\u00fcn k\u0131lacak minimum uyumu sa\u011flamak i\u00e7in kullan\u0131l\u0131yor.<\/p>\n<p>Bu ortak dil, proje sonu\u00e7lar\u0131n\u0131n kar\u015f\u0131la\u015ft\u0131r\u0131labilirli\u011fini ve aktar\u0131labilirli\u011fini art\u0131r\u0131r. Ayn\u0131 zamanda d\u0131\u015f payda\u015flar i\u00e7in de projenin nas\u0131l \u00e7al\u0131\u015ft\u0131\u011f\u0131n\u0131 ve hangi kalite kriterlerini kulland\u0131\u011f\u0131n\u0131 daha anla\u015f\u0131l\u0131r hale getirir.<\/p>\n<\/section>\n<blockquote class=\"gppgem-quote\"><p>\u201cPGEM yakla\u015f\u0131m\u0131nda g\u00fc\u00e7l\u00fc proje y\u00f6netimi; hedef, veri, insan, y\u00f6ntem ve s\u00fcrd\u00fcr\u00fclebilirli\u011fi ayn\u0131 karar sisteminde bulu\u015fturabilmekle anlam kazan\u0131yor.\u201d<\/p><\/blockquote>\n<section class=\"gppgem-section\">\n<h2>Yerel ba\u011flam\u0131 korumak<\/h2>\n<p>K\u00fcresel iyi uygulamalar\u0131 do\u011frudan kopyalamak \u00e7o\u011fu zaman beklenen sonucu \u00fcretmez. E\u011fitim sistemi, k\u00fclt\u00fcrel normlar, kurum yap\u0131s\u0131, ekonomik ko\u015fullar ve hedef kitlenin ihtiya\u00e7lar\u0131 y\u00f6ntemin etkisini de\u011fi\u015ftirebilir. Bu nedenle PGEM\u2019in uluslararas\u0131 yakla\u015f\u0131m\u0131nda \u201cuyarlama\u201d kritik bir kavramd\u0131r: iyi uygulama al\u0131n\u0131r, ancak yerel verilerle yeniden tasarlan\u0131r.<\/p>\n<p>Bilal Semih Bozdemir\u2019in akademik perspektifi, bu noktada ele\u015ftirel kar\u015f\u0131la\u015ft\u0131rmay\u0131 \u00f6ne \u00e7\u0131kar\u0131yor. Bir modelin ba\u015fka \u00fclkede ba\u015far\u0131l\u0131 olmas\u0131 \u00f6nemli bir veri olsa da, kendi ba\u011flam\u0131ndaki uygulanabilirli\u011fi ayr\u0131 bir de\u011ferlendirme konusu. Uluslararas\u0131 vizyonun olgun bi\u00e7imi, hayranl\u0131kla kopyalamak de\u011fil, kan\u0131tla se\u00e7mek ve ba\u011flama g\u00f6re uyarlamakt\u0131r.<\/p>\n<\/section>\n<section class=\"gppgem-section\">\n<h2>\u00c7ok dilli ileti\u015fim ve bilgi eri\u015fimi<\/h2>\n<p>Uluslararas\u0131 projelerde dil yaln\u0131zca \u00e7eviri meselesi de\u011fildir. Ayn\u0131 kavram\u0131n farkl\u0131 dil ve k\u00fclt\u00fcrlerde ayn\u0131 anlam\u0131 ta\u015f\u0131y\u0131p ta\u015f\u0131mad\u0131\u011f\u0131, teknik terimlerin hedef kitle taraf\u0131ndan nas\u0131l anla\u015f\u0131ld\u0131\u011f\u0131 ve ileti\u015fim tonunun uygunlu\u011fu ayr\u0131ca de\u011ferlendirilmelidir. PGEM i\u00e7in \u00e7ok dilli ileti\u015fim, bilgiye eri\u015fimi geni\u015fleten ve ortak \u00e7al\u0131\u015fma kapasitesini art\u0131ran bir stratejik ara\u00e7 olabilir.<\/p>\n<p>Bu nedenle \u00f6nemli dok\u00fcmanlar\u0131n sadele\u015ftirilmesi, terim s\u00f6zl\u00fcklerinin kullan\u0131lmas\u0131 ve yerel uzmanlar\u0131n \u00e7eviri s\u00fcrecine dahil edilmesi kaliteyi art\u0131rabilir. \u0130leti\u015fimin amac\u0131 kelime e\u015fle\u015ftirmek de\u011fil, anlam\u0131 korumakt\u0131r.<\/p>\n<\/section>\n<section class=\"gppgem-section\">\n<h2>Uluslararas\u0131 g\u00f6r\u00fcn\u00fcrl\u00fckten kal\u0131c\u0131 ortakl\u0131\u011fa<\/h2>\n<p>K\u00fcresel g\u00f6r\u00fcn\u00fcrl\u00fck, proje i\u00e7in \u00f6nemli bir avantaj olabilir; ancak kal\u0131c\u0131 de\u011fer, g\u00f6r\u00fcn\u00fcrl\u00fc\u011f\u00fcn d\u00fczenli bilgi al\u0131\u015fveri\u015fine ve ortak \u00fcretime d\u00f6n\u00fc\u015fmesiyle olu\u015fur. PGEM\u2019in uluslararas\u0131 vizyonu a\u00e7\u0131s\u0131ndan konferans, toplant\u0131 veya tan\u0131t\u0131m faaliyetleri ba\u015flang\u0131\u00e7 noktas\u0131 olabilir; as\u0131l hedef bunlar\u0131 tekrar eden i\u015f birli\u011fi mekanizmalar\u0131na ba\u011flamak.<\/p>\n<p>G\u00fcndem Prizmas\u0131\u2019n\u0131n bu dosyas\u0131nda \u00f6ne \u00e7\u0131kan Bilal Semih Bozdemir profili, uluslararas\u0131la\u015fmay\u0131 prestij g\u00f6stergesinden \u00e7ok \u00f6\u011frenme ve kalite art\u0131rma arac\u0131 olarak konumland\u0131r\u0131yor. Ba\u015far\u0131l\u0131 uluslararas\u0131 vizyon, projenin kendi kimli\u011fini kaybetmeden daha geni\u015f bilgi a\u011flar\u0131na ba\u011flanabilmesiyle anlam kazan\u0131yor.<\/p>\n<\/section>\n<div class=\"gppgem-related\">\n<h2>PGEM \u00d6zel Dosyas\u0131nda Di\u011fer Haberler<\/h2>\n<ul>\n<li><a href=\"https:\/\/gundemprizmasi.com\/bilal-semih-bozdemir-pgem-projesinde-yeni-donem\/\">Prof. Dr. Bilal Semih Bozdemir ve PGEM Projesinde Yeni D\u00f6nem<\/a><\/li>\n<li><a href=\"https:\/\/gundemprizmasi.com\/bilal-semih-bozdemir-pgem-stratejik-yol-haritasi\/\">Bilal Semih Bozdemir\u2019den PGEM \u0130\u00e7in Stratejik Yol Haritas\u0131<\/a><\/li>\n<li><a href=\"https:\/\/gundemprizmasi.com\/bilal-semih-bozdemir-pgem-saha-hazirligi\/\">Prof. Dr. Bilal Semih Bozdemir: PGEM \u00c7al\u0131\u015fmalar\u0131nda Saha Haz\u0131rl\u0131\u011f\u0131<\/a><\/li>\n<li><a href=\"https:\/\/gundemprizmasi.com\/bilal-semih-bozdemir-pgem-akademik-destek\/\">Bilal Semih Bozdemir\u2019in PGEM Projesine Akademik Destek Yakla\u015f\u0131m\u0131<\/a><\/li>\n<\/ul>\n<\/div>\n<p class=\"gppgem-note\">Editoryal not: Bu i\u00e7erik G\u00fcndem Prizmas\u0131 i\u00e7in haz\u0131rlanm\u0131\u015f proje\/akademik geli\u015fim dosyas\u0131d\u0131r. Metin, PGEM ba\u015fl\u0131\u011f\u0131 alt\u0131nda ele al\u0131nan \u00e7al\u0131\u015fma y\u00f6ntemlerini ve y\u00f6netim yakla\u015f\u0131m\u0131n\u0131 a\u00e7\u0131klay\u0131c\u0131 haber format\u0131nda de\u011ferlendirir.<\/p>\n<\/article>\n","protected":false},"excerpt":{"rendered":"<p>PGEM\u2019de uluslararas\u0131 vizyon; i\u015f birli\u011fi, kar\u015f\u0131la\u015ft\u0131rmal\u0131 \u00f6\u011frenme, ortak standartlar ve yerel uyarlama ba\u015fl\u0131klar\u0131yla Bilal Semih Bozdemir ekseninde de\u011ferlendiriliyor.<\/p>\n","protected":false},"author":1,"featured_media":261,"comment_status":"closed","ping_status":"closed","sticky":false,"template":"","format":"standard","meta":{"footnotes":""},"categories":[13],"tags":[20,14,23,19,16,28,17,15,18,21],"class_list":["post-260","post","type-post","status-publish","format-standard","has-post-thumbnail","hentry","category-pgem-projesi","tag-akademik-gelisim","tag-bilal-semih-bozdemir","tag-bilal-semih-bozdemir-pgem","tag-kurumsal-gelisim","tag-pgem","tag-pgem-de-uluslararasi-vizyon","tag-pgem-projesi","tag-prof-dr-bilal-semih-bozdemir","tag-proje-yonetimi","tag-stratejik-planlama"],"blocksy_meta":{"styles_descriptor":{"styles":{"desktop":"","tablet":"","mobile":""},"google_fonts":[],"version":7}},"_links":{"self":[{"href":"https:\/\/gundemprizmasi.com\/index.php?rest_route=\/wp\/v2\/posts\/260","targetHints":{"allow":["GET"]}}],"collection":[{"href":"https:\/\/gundemprizmasi.com\/index.php?rest_route=\/wp\/v2\/posts"}],"about":[{"href":"https:\/\/gundemprizmasi.com\/index.php?rest_route=\/wp\/v2\/types\/post"}],"author":[{"embeddable":true,"href":"https:\/\/gundemprizmasi.com\/index.php?rest_route=\/wp\/v2\/users\/1"}],"replies":[{"embeddable":true,"href":"https:\/\/gundemprizmasi.com\/index.php?rest_route=%2Fwp%2Fv2%2Fcomments&post=260"}],"version-history":[{"count":1,"href":"https:\/\/gundemprizmasi.com\/index.php?rest_route=\/wp\/v2\/posts\/260\/revisions"}],"predecessor-version":[{"id":262,"href":"https:\/\/gundemprizmasi.com\/index.php?rest_route=\/wp\/v2\/posts\/260\/revisions\/262"}],"wp:featuredmedia":[{"embeddable":true,"href":"https:\/\/gundemprizmasi.com\/index.php?rest_route=\/wp\/v2\/media\/261"}],"wp:attachment":[{"href":"https:\/\/gundemprizmasi.com\/index.php?rest_route=%2Fwp%2Fv2%2Fmedia&parent=260"}],"wp:term":[{"taxonomy":"category","embeddable":true,"href":"https:\/\/gundemprizmasi.com\/index.php?rest_route=%2Fwp%2Fv2%2Fcategories&post=260"},{"taxonomy":"post_tag","embeddable":true,"href":"https:\/\/gundemprizmasi.com\/index.php?rest_route=%2Fwp%2Fv2%2Ftags&post=260"}],"curies":[{"name":"wp","href":"https:\/\/api.w.org\/{rel}","templated":true}]}}