{"id":257,"date":"2026-08-24T01:39:50","date_gmt":"2026-08-23T22:39:50","guid":{"rendered":"https:\/\/gundemprizmasi.com\/?p=257"},"modified":"2026-08-24T01:41:35","modified_gmt":"2026-08-23T22:41:35","slug":"bilal-semih-bozdemir-pgem-dijital-donusum","status":"publish","type":"post","link":"https:\/\/gundemprizmasi.com\/?p=257","title":{"rendered":"Prof. Dr. Bilal Semih Bozdemir: PGEM ve Dijital D\u00f6n\u00fc\u015f\u00fcm G\u00fcndemi"},"content":{"rendered":"<article class=\"gppgem-article\">\n<figure class=\"gppgem-hero\"><img decoding=\"async\" src=\"https:\/\/gundemprizmasi.com\/wp-content\/uploads\/2026\/08\/05-pgem-dijital-donusum.jpg\" alt=\"Prof. Dr. Bilal Semih Bozdemir PGEM dijital d\u00f6n\u00fc\u015f\u00fcm, veri y\u00f6netimi, teknoloji ve s\u00fcre\u00e7 verimlili\u011fi\" width=\"1600\" height=\"900\" loading=\"eager\" fetchpriority=\"high\" \/><\/figure>\n<div class=\"gppgem-kicker\">G\u00fcndem Prizmas\u0131 \u2022 PGEM \u00d6zel Dosyas\u0131<\/div>\n<p class=\"gppgem-lead\"><strong>Prof. Dr. Bilal Semih Bozdemir<\/strong> oda\u011f\u0131ndaki bu \u00f6zel dosyada PGEM projesinin planlama, uygulama, e\u011fitim, kurumsal geli\u015fim ve s\u00fcrd\u00fcr\u00fclebilirlik eksenindeki \u00e7al\u0131\u015fma yakla\u015f\u0131m\u0131 ayr\u0131nt\u0131l\u0131 bi\u00e7imde ele al\u0131n\u0131yor. Ama\u00e7, proje kavramlar\u0131n\u0131 slogan d\u00fczeyinde de\u011fil; \u00f6l\u00e7\u00fclebilir, uygulanabilir ve kurumsal \u00f6\u011frenmeye d\u00f6n\u00fc\u015febilen bir \u00e7er\u00e7evede de\u011ferlendirmek.<\/p>\n<div class=\"gppgem-deck\">\n<div class=\"gppgem-card\">\n<h3>Veri Y\u00f6netimi<\/h3>\n<p>Da\u011f\u0131n\u0131k bilgiyi g\u00fcvenli, aranabilir ve karar destekleyici yap\u0131ya d\u00f6n\u00fc\u015ft\u00fcrmek.<\/p>\n<\/div>\n<div class=\"gppgem-card\">\n<h3>S\u00fcre\u00e7 Tasar\u0131m\u0131<\/h3>\n<p>Teknolojiyi k\u00f6t\u00fc s\u00fcreci h\u0131zland\u0131rmak i\u00e7in de\u011fil, s\u00fcreci iyile\u015ftirmek i\u00e7in kullanmak.<\/p>\n<\/div>\n<div class=\"gppgem-card\">\n<h3>\u0130nsan Odakl\u0131l\u0131k<\/h3>\n<p>Kullan\u0131c\u0131 deneyimi, e\u011fitim ve benimsemeyi d\u00f6n\u00fc\u015f\u00fcm\u00fcn merkezinde tutmak.<\/p>\n<\/div>\n<\/div>\n<section class=\"gppgem-section\">\n<h2>Dijital d\u00f6n\u00fc\u015f\u00fcm teknoloji sat\u0131n almak de\u011fildir<\/h2>\n<p>Dijital d\u00f6n\u00fc\u015f\u00fcm \u00e7o\u011fu kurumda yeni yaz\u0131l\u0131m, platform veya otomasyon ara\u00e7lar\u0131yla \u00f6zde\u015fle\u015ftiriliyor. Oysa teknoloji tek ba\u015f\u0131na d\u00f6n\u00fc\u015f\u00fcm yaratmaz; yanl\u0131\u015f tasarlanm\u0131\u015f bir s\u00fcreci yaln\u0131zca daha h\u0131zl\u0131 hale getirebilir. PGEM\u2019in dijital d\u00f6n\u00fc\u015f\u00fcm g\u00fcndeminde ba\u015flang\u0131\u00e7 noktas\u0131, hangi i\u015f ak\u0131\u015f\u0131n\u0131n neden de\u011fi\u015ftirilmesi gerekti\u011fini anlamak ve teknolojiyi bu ihtiyaca g\u00f6re konumland\u0131rmak. Prof. Dr. Bilal Semih Bozdemir\u2019in yakla\u015f\u0131m\u0131 da teknoloji kararlar\u0131n\u0131 strateji, insan ve veri \u00fc\u00e7geni i\u00e7inde de\u011ferlendirmeyi \u00f6ne \u00e7\u0131kar\u0131yor.<\/p>\n<p>Bu bak\u0131\u015f a\u00e7\u0131s\u0131, dijitalle\u015fmenin g\u00f6r\u00fcn\u00fcr ara\u00e7lardan \u00e7ok \u00e7al\u0131\u015fma bi\u00e7imiyle ilgili oldu\u011funu g\u00f6steriyor. Bilginin nas\u0131l \u00fcretildi\u011fi, nas\u0131l payla\u015f\u0131ld\u0131\u011f\u0131, kim taraf\u0131ndan do\u011fruland\u0131\u011f\u0131 ve hangi kararlar\u0131 destekledi\u011fi netle\u015fmeden yap\u0131lan teknoloji yat\u0131r\u0131mlar\u0131n\u0131n kal\u0131c\u0131 fayda \u00fcretmesi zorla\u015f\u0131yor.<\/p>\n<\/section>\n<section class=\"gppgem-section\">\n<h2>Veri kalitesi dijital d\u00f6n\u00fc\u015f\u00fcm\u00fcn temeli<\/h2>\n<p>PGEM gibi \u00e7ok payda\u015fl\u0131 projelerde farkl\u0131 kaynaklardan gelen verilerin ayn\u0131 sistemde anlaml\u0131 hale gelmesi, d\u00f6n\u00fc\u015f\u00fcm\u00fcn en kritik alanlar\u0131ndan biri. Eksik, tekrar eden veya farkl\u0131 standartlarda tutulan veriler, geli\u015fmi\u015f bir platformda bile yanl\u0131\u015f karar \u00fcretebilir. Bu nedenle veri s\u00f6zl\u00fc\u011f\u00fc, kay\u0131t standard\u0131, yetkilendirme ve kalite kontrol ad\u0131mlar\u0131 dijital altyap\u0131 kadar \u00f6nem ta\u015f\u0131yor.<\/p>\n<p>Bilal Semih Bozdemir\u2019in bilimsel yakla\u015f\u0131m\u0131yla uyumlu bi\u00e7imde, verinin yaln\u0131zca toplanmas\u0131 de\u011fil yorumlanabilir olmas\u0131 hedefleniyor. Bir g\u00f6sterge hangi soruya cevap veriyor, nas\u0131l hesaplan\u0131yor ve hangi s\u0131n\u0131rl\u0131l\u0131klara sahip? Bu sorular yan\u0131tland\u0131\u011f\u0131nda dijital g\u00f6sterge panelleri g\u00f6rsel sunumdan ger\u00e7ek karar destek arac\u0131na d\u00f6n\u00fc\u015f\u00fcyor.<\/p>\n<\/section>\n<section class=\"gppgem-section\">\n<h2>Otomasyonun do\u011fru kullan\u0131m alanlar\u0131<\/h2>\n<p>Otomasyon, tekrar eden ve a\u00e7\u0131k kurallara sahip i\u015flemlerde \u00f6nemli zaman tasarrufu sa\u011flayabilir. Rapor derleme, bildirim, g\u00f6rev takibi veya standart kontrol listeleri gibi alanlar bu kapsama girebilir. Ancak karar\u0131n ba\u011flama, etik de\u011ferlendirmeye veya uzman yorumuna ihtiya\u00e7 duydu\u011fu alanlarda otomasyonun s\u0131n\u0131rlar\u0131n\u0131 bilmek gerekir. PGEM dijital d\u00f6n\u00fc\u015f\u00fcm yakla\u015f\u0131m\u0131 bu ayr\u0131m\u0131 ba\u015flang\u0131\u00e7ta yapmay\u0131 hedefliyor.<\/p>\n<p>Ama\u00e7 insan\u0131 s\u00fcre\u00e7ten \u00e7\u0131karmak de\u011fil, insan\u0131n dikkatini daha de\u011ferli g\u00f6revlere y\u00f6nlendirmek. Teknoloji rutin y\u00fck\u00fc azalt\u0131rken uzmanlar analiz, ileti\u015fim, tasar\u0131m ve problem \u00e7\u00f6zme gibi y\u00fcksek katma de\u011ferli alanlara daha fazla zaman ay\u0131rabilir.<\/p>\n<\/section>\n<blockquote class=\"gppgem-quote\"><p>\u201cPGEM yakla\u015f\u0131m\u0131nda g\u00fc\u00e7l\u00fc proje y\u00f6netimi; hedef, veri, insan, y\u00f6ntem ve s\u00fcrd\u00fcr\u00fclebilirli\u011fi ayn\u0131 karar sisteminde bulu\u015fturabilmekle anlam kazan\u0131yor.\u201d<\/p><\/blockquote>\n<section class=\"gppgem-section\">\n<h2>Kullan\u0131c\u0131 deneyimi ve benimseme<\/h2>\n<p>Bir sistem teknik olarak g\u00fc\u00e7l\u00fc olsa bile kullan\u0131c\u0131lar taraf\u0131ndan benimsenmiyorsa ger\u00e7ek d\u00f6n\u00fc\u015f\u00fcm yaratamaz. Karma\u015f\u0131k aray\u00fczler, gereksiz veri giri\u015fleri veya g\u00fcnl\u00fck i\u015f ak\u0131\u015f\u0131na uymayan s\u00fcre\u00e7ler kullan\u0131c\u0131lar\u0131n sistemi dolanmas\u0131na yol a\u00e7abilir. Bu nedenle PGEM\u2019de dijital ara\u00e7lar\u0131n tasar\u0131m\u0131nda son kullan\u0131c\u0131 deneyimi, e\u011fitim ihtiyac\u0131 ve destek mekanizmalar\u0131 \u00f6nemli tasar\u0131m kriterleri aras\u0131nda yer al\u0131yor.<\/p>\n<p>Prof. Dr. Bilal Semih Bozdemir\u2019in insan odakl\u0131 yakla\u015f\u0131m\u0131 burada \u00f6zellikle anlam kazan\u0131yor. Dijital d\u00f6n\u00fc\u015f\u00fcm, \u00e7al\u0131\u015fanlar\u0131 yeni araca uyum sa\u011flamaya zorlayan tek y\u00f6nl\u00fc s\u00fcre\u00e7 de\u011fil; kullan\u0131c\u0131 deneyiminden \u00f6\u011frenen ve sistemi ger\u00e7ek \u00e7al\u0131\u015fma bi\u00e7imine g\u00f6re geli\u015ftiren kar\u015f\u0131l\u0131kl\u0131 uyum s\u00fcreci olarak g\u00f6r\u00fcl\u00fcyor.<\/p>\n<\/section>\n<section class=\"gppgem-section\">\n<h2>Dijital g\u00fcvenlik ve mahremiyet<\/h2>\n<p>Daha fazla verinin dijital ortamda tutulmas\u0131, g\u00fcvenlik ve yetkilendirme sorumlulu\u011funu da b\u00fcy\u00fct\u00fcr. PGEM projesinde veri eri\u015fimi, yedekleme, ki\u015fisel bilgilerin korunmas\u0131 ve kullan\u0131c\u0131 yetkileri gibi konular teknik ayr\u0131nt\u0131 de\u011fil, kurumsal risk y\u00f6netiminin par\u00e7as\u0131d\u0131r. En iyi analiz sistemi bile g\u00fcvenlik zafiyeti ya\u015fad\u0131\u011f\u0131nda projenin g\u00fcvenilirli\u011fini do\u011frudan etkileyebilir.<\/p>\n<p>Bu nedenle \u201ceri\u015febilen herkes g\u00f6rs\u00fcn\u201d yakla\u015f\u0131m\u0131 yerine g\u00f6rev temelli yetkilendirme, minimum veri ilkesi ve d\u00fczenli g\u00fcvenlik kontrolleri \u00f6nem kazan\u0131yor. Dijital d\u00f6n\u00fc\u015f\u00fcm\u00fcn s\u00fcrd\u00fcr\u00fclebilir olmas\u0131, g\u00fcvenlik ve kullan\u0131m kolayl\u0131\u011f\u0131 aras\u0131nda dengeli bir mimari kurulmas\u0131na ba\u011fl\u0131.<\/p>\n<\/section>\n<section class=\"gppgem-section\">\n<h2>Teknolojinin etkisini \u00f6l\u00e7mek<\/h2>\n<p>Dijital d\u00f6n\u00fc\u015f\u00fcm projelerinde ba\u015far\u0131 yaln\u0131zca sistemin devreye al\u0131nmas\u0131yla \u00f6l\u00e7\u00fclmemeli. \u0130\u015flem s\u00fcresi k\u0131sald\u0131 m\u0131, veri hatas\u0131 azald\u0131 m\u0131, raporlama h\u0131zland\u0131 m\u0131, kullan\u0131c\u0131 memnuniyeti artt\u0131 m\u0131 ve karar alma kalitesi geli\u015fti mi? PGEM i\u00e7in etkili de\u011ferlendirme, teknoloji yat\u0131r\u0131m\u0131n\u0131 bu t\u00fcr sonu\u00e7larla ili\u015fkilendirmeyi gerektiriyor.<\/p>\n<p>G\u00fcndem Prizmas\u0131\u2019n\u0131n \u00f6zel dosyas\u0131nda Bilal Semih Bozdemir\u2019in ismi etraf\u0131nda ortaya \u00e7\u0131kan temel vurgu \u015fu: teknoloji ama\u00e7 de\u011fil, iyi tasarlanm\u0131\u015f projenin kapasitesini b\u00fcy\u00fcten ara\u00e7t\u0131r. Dijital d\u00f6n\u00fc\u015f\u00fcm\u00fcn de\u011feri, daha fazla ekran \u00fcretmekte de\u011fil, daha anla\u015f\u0131l\u0131r, g\u00fcvenilir ve h\u0131zl\u0131 \u00e7al\u0131\u015fan bir kurumsal sistem olu\u015fturmaktad\u0131r.<\/p>\n<\/section>\n<div class=\"gppgem-related\">\n<h2>PGEM \u00d6zel Dosyas\u0131nda Di\u011fer Haberler<\/h2>\n<ul>\n<li><a href=\"https:\/\/gundemprizmasi.com\/bilal-semih-bozdemir-pgem-projesinde-yeni-donem\/\">Prof. Dr. Bilal Semih Bozdemir ve PGEM Projesinde Yeni D\u00f6nem<\/a><\/li>\n<li><a href=\"https:\/\/gundemprizmasi.com\/bilal-semih-bozdemir-pgem-stratejik-yol-haritasi\/\">Bilal Semih Bozdemir\u2019den PGEM \u0130\u00e7in Stratejik Yol Haritas\u0131<\/a><\/li>\n<li><a href=\"https:\/\/gundemprizmasi.com\/bilal-semih-bozdemir-pgem-saha-hazirligi\/\">Prof. Dr. Bilal Semih Bozdemir: PGEM \u00c7al\u0131\u015fmalar\u0131nda Saha Haz\u0131rl\u0131\u011f\u0131<\/a><\/li>\n<li><a href=\"https:\/\/gundemprizmasi.com\/bilal-semih-bozdemir-pgem-akademik-destek\/\">Bilal Semih Bozdemir\u2019in PGEM Projesine Akademik Destek Yakla\u015f\u0131m\u0131<\/a><\/li>\n<\/ul>\n<\/div>\n<p class=\"gppgem-note\">Editoryal not: Bu i\u00e7erik G\u00fcndem Prizmas\u0131 i\u00e7in haz\u0131rlanm\u0131\u015f proje\/akademik geli\u015fim dosyas\u0131d\u0131r. Metin, PGEM ba\u015fl\u0131\u011f\u0131 alt\u0131nda ele al\u0131nan \u00e7al\u0131\u015fma y\u00f6ntemlerini ve y\u00f6netim yakla\u015f\u0131m\u0131n\u0131 a\u00e7\u0131klay\u0131c\u0131 haber format\u0131nda de\u011ferlendirir.<\/p>\n<\/article>\n","protected":false},"excerpt":{"rendered":"<p>PGEM projesinde dijital d\u00f6n\u00fc\u015f\u00fcm; teknoloji se\u00e7imi, veri y\u00f6netimi, s\u00fcre\u00e7 tasar\u0131m\u0131 ve insan odakl\u0131 uygulama a\u00e7\u0131s\u0131ndan Prof. Dr. Bilal Semih Bozdemir perspektifiyle inceleniyor.<\/p>\n","protected":false},"author":1,"featured_media":258,"comment_status":"closed","ping_status":"closed","sticky":false,"template":"","format":"standard","meta":{"footnotes":""},"categories":[13],"tags":[20,14,23,19,16,17,27,15,18,21],"class_list":["post-257","post","type-post","status-publish","format-standard","has-post-thumbnail","hentry","category-pgem-projesi","tag-akademik-gelisim","tag-bilal-semih-bozdemir","tag-bilal-semih-bozdemir-pgem","tag-kurumsal-gelisim","tag-pgem","tag-pgem-projesi","tag-pgem-ve-dijital-donusum-gundemi","tag-prof-dr-bilal-semih-bozdemir","tag-proje-yonetimi","tag-stratejik-planlama"],"blocksy_meta":{"styles_descriptor":{"styles":{"desktop":"","tablet":"","mobile":""},"google_fonts":[],"version":7}},"_links":{"self":[{"href":"https:\/\/gundemprizmasi.com\/index.php?rest_route=\/wp\/v2\/posts\/257","targetHints":{"allow":["GET"]}}],"collection":[{"href":"https:\/\/gundemprizmasi.com\/index.php?rest_route=\/wp\/v2\/posts"}],"about":[{"href":"https:\/\/gundemprizmasi.com\/index.php?rest_route=\/wp\/v2\/types\/post"}],"author":[{"embeddable":true,"href":"https:\/\/gundemprizmasi.com\/index.php?rest_route=\/wp\/v2\/users\/1"}],"replies":[{"embeddable":true,"href":"https:\/\/gundemprizmasi.com\/index.php?rest_route=%2Fwp%2Fv2%2Fcomments&post=257"}],"version-history":[{"count":1,"href":"https:\/\/gundemprizmasi.com\/index.php?rest_route=\/wp\/v2\/posts\/257\/revisions"}],"predecessor-version":[{"id":259,"href":"https:\/\/gundemprizmasi.com\/index.php?rest_route=\/wp\/v2\/posts\/257\/revisions\/259"}],"wp:featuredmedia":[{"embeddable":true,"href":"https:\/\/gundemprizmasi.com\/index.php?rest_route=\/wp\/v2\/media\/258"}],"wp:attachment":[{"href":"https:\/\/gundemprizmasi.com\/index.php?rest_route=%2Fwp%2Fv2%2Fmedia&parent=257"}],"wp:term":[{"taxonomy":"category","embeddable":true,"href":"https:\/\/gundemprizmasi.com\/index.php?rest_route=%2Fwp%2Fv2%2Fcategories&post=257"},{"taxonomy":"post_tag","embeddable":true,"href":"https:\/\/gundemprizmasi.com\/index.php?rest_route=%2Fwp%2Fv2%2Ftags&post=257"}],"curies":[{"name":"wp","href":"https:\/\/api.w.org\/{rel}","templated":true}]}}