{"id":254,"date":"2026-08-24T01:39:49","date_gmt":"2026-08-23T22:39:49","guid":{"rendered":"https:\/\/gundemprizmasi.com\/?p=254"},"modified":"2026-08-24T01:41:34","modified_gmt":"2026-08-23T22:41:34","slug":"bilal-semih-bozdemir-pgem-akademik-destek","status":"publish","type":"post","link":"https:\/\/gundemprizmasi.com\/?p=254","title":{"rendered":"Bilal Semih Bozdemir\u2019in PGEM Projesine Akademik Destek Yakla\u015f\u0131m\u0131"},"content":{"rendered":"<article class=\"gppgem-article\">\n<figure class=\"gppgem-hero\"><img decoding=\"async\" src=\"https:\/\/gundemprizmasi.com\/wp-content\/uploads\/2026\/08\/04-pgem-akademik-destek.jpg\" alt=\"Bilal Semih Bozdemir PGEM projesine akademik destek, e\u011fitim dan\u0131\u015fmanl\u0131k ara\u015ft\u0131rma ve uzmanl\u0131k katk\u0131lar\u0131\" width=\"1600\" height=\"900\" loading=\"eager\" fetchpriority=\"high\" \/><\/figure>\n<div class=\"gppgem-kicker\">G\u00fcndem Prizmas\u0131 \u2022 PGEM \u00d6zel Dosyas\u0131<\/div>\n<p class=\"gppgem-lead\"><strong>Prof. Dr. Bilal Semih Bozdemir<\/strong> oda\u011f\u0131ndaki bu \u00f6zel dosyada PGEM projesinin planlama, uygulama, e\u011fitim, kurumsal geli\u015fim ve s\u00fcrd\u00fcr\u00fclebilirlik eksenindeki \u00e7al\u0131\u015fma yakla\u015f\u0131m\u0131 ayr\u0131nt\u0131l\u0131 bi\u00e7imde ele al\u0131n\u0131yor. Ama\u00e7, proje kavramlar\u0131n\u0131 slogan d\u00fczeyinde de\u011fil; \u00f6l\u00e7\u00fclebilir, uygulanabilir ve kurumsal \u00f6\u011frenmeye d\u00f6n\u00fc\u015febilen bir \u00e7er\u00e7evede de\u011ferlendirmek.<\/p>\n<div class=\"gppgem-deck\">\n<div class=\"gppgem-card\">\n<h3>Ara\u015ft\u0131rma<\/h3>\n<p>Kararlar\u0131 literat\u00fcr, saha verisi ve y\u00f6ntemsel de\u011ferlendirmeyle desteklemek.<\/p>\n<\/div>\n<div class=\"gppgem-card\">\n<h3>E\u011fitim<\/h3>\n<p>Bilgiyi uygulanabilir mod\u00fcller, at\u00f6lyeler ve rehberlere d\u00f6n\u00fc\u015ft\u00fcrmek.<\/p>\n<\/div>\n<div class=\"gppgem-card\">\n<h3>Dan\u0131\u015fmanl\u0131k<\/h3>\n<p>Kritik karar noktalar\u0131nda alternatifleri ve riskleri g\u00f6r\u00fcn\u00fcr hale getirmek.<\/p>\n<\/div>\n<\/div>\n<section class=\"gppgem-section\">\n<h2>Akademik destek proje y\u00f6netimine ne kazand\u0131r\u0131r?<\/h2>\n<p>Akademik destek, projeye yaln\u0131zca teorik bilgi eklemek anlam\u0131na gelmez. \u0130yi kurguland\u0131\u011f\u0131nda hedeflerin daha net tan\u0131mlanmas\u0131na, kullan\u0131lan y\u00f6ntemlerin gerek\u00e7elendirilmesine, e\u011fitim i\u00e7eriklerinin g\u00fc\u00e7lendirilmesine ve sonu\u00e7lar\u0131n daha do\u011fru yorumlanmas\u0131na katk\u0131 sa\u011flar. PGEM projesinde bu destek, kararlar\u0131n mevcut bilgi birikimiyle ili\u015fkilendirilmesini ve saha deneyiminin akademik \u00e7er\u00e7evede de\u011ferlendirilmesini m\u00fcmk\u00fcn k\u0131lan bir kalite katman\u0131 olarak ele al\u0131n\u0131yor.<\/p>\n<p>Prof. Dr. Bilal Semih Bozdemir\u2019in akademik yakla\u015f\u0131m\u0131, teoriyi uygulaman\u0131n kar\u015f\u0131s\u0131na koymak yerine ikisini birbirini test eden iki kaynak olarak g\u00f6r\u00fcyor. Literat\u00fcr sahadaki olas\u0131 y\u00f6ntemleri g\u00f6sterirken saha deneyimi de teorik varsay\u0131mlar\u0131n ger\u00e7ek ko\u015fullarda ne kadar ge\u00e7erli oldu\u011funu s\u0131nayabilir. Bu \u00e7ift y\u00f6nl\u00fc ili\u015fki, PGEM\u2019in \u00f6\u011frenme kapasitesini art\u0131ran \u00f6nemli unsurlardan biri.<\/p>\n<\/section>\n<section class=\"gppgem-section\">\n<h2>Literat\u00fcr ve kan\u0131t\u0131n karar s\u00fcre\u00e7lerindeki rol\u00fc<\/h2>\n<p>Bir proje yeni bir y\u00f6ntem veya e\u011fitim modeli geli\u015ftirirken benzer \u00e7al\u0131\u015fmalar\u0131n hangi sonu\u00e7lar\u0131 \u00fcretti\u011fini incelemek hem zaman kazand\u0131r\u0131r hem de riskleri azalt\u0131r. Literat\u00fcr taramas\u0131, haz\u0131r re\u00e7ete bulmak i\u00e7in de\u011fil, hangi yakla\u015f\u0131mlar\u0131n hangi ko\u015fullarda i\u015fe yarad\u0131\u011f\u0131n\u0131 anlamak i\u00e7in kullan\u0131l\u0131r. PGEM akademik destek modelinde kaynak de\u011ferlendirmesi bu nedenle yaln\u0131zca ba\u015flang\u0131\u00e7 raporuna eklenen b\u00f6l\u00fcm de\u011fil, karar s\u00fcre\u00e7lerini besleyen s\u00fcrekli bir faaliyet olarak \u00f6ne \u00e7\u0131k\u0131yor.<\/p>\n<p>Bilal Semih Bozdemir\u2019in bilimsel bak\u0131\u015f\u0131nda kan\u0131t hiyerar\u015fisi de \u00f6nem ta\u015f\u0131yor. Tek bir \u00f6rnek, ki\u015fisel deneyim veya g\u00fc\u00e7l\u00fc bir g\u00f6r\u00fc\u015f b\u00fct\u00fcn proje kararlar\u0131n\u0131 belirlemek i\u00e7in yeterli kabul edilmiyor. Farkl\u0131 veri kaynaklar\u0131n\u0131n birlikte de\u011ferlendirilmesi, kararlar\u0131n daha dayan\u0131kl\u0131 hale gelmesine katk\u0131 sa\u011fl\u0131yor.<\/p>\n<\/section>\n<section class=\"gppgem-section\">\n<h2>E\u011fitim i\u00e7eriklerinde kalite g\u00fcvence<\/h2>\n<p>PGEM kapsam\u0131nda \u00fcretilecek e\u011fitim materyallerinin hedef kitleye uygun, anla\u015f\u0131l\u0131r, g\u00fcncel ve uygulanabilir olmas\u0131 gerekiyor. Akademik destek bu noktada i\u00e7erik do\u011frulu\u011funun yan\u0131 s\u0131ra \u00f6\u011frenme hedefleri, \u00f6rneklerin niteli\u011fi, kaynak kullan\u0131m\u0131 ve de\u011ferlendirme y\u00f6ntemlerini de inceliyor. B\u00f6ylece e\u011fitim, bilgi yo\u011fun ama kullan\u0131m\u0131 zor bir dok\u00fcman olmaktan \u00e7\u0131karak hedeflenen davran\u0131\u015f ve beceri de\u011fi\u015fimini destekleyen bir yap\u0131ya d\u00f6n\u00fc\u015f\u00fcyor.<\/p>\n<p>Kalite g\u00fcvence s\u00fcreci tek seferlik edit\u00f6r kontrol\u00fcyle s\u0131n\u0131rl\u0131 de\u011fil. Pilot e\u011fitimler, kat\u0131l\u0131mc\u0131 geri bildirimleri ve \u00f6l\u00e7me sonu\u00e7lar\u0131 i\u00e7eriklerin nas\u0131l iyile\u015ftirilece\u011fine ili\u015fkin yeni veri \u00fcretir. Bu nedenle i\u00e7erik geli\u015ftirme d\u00f6ng\u00fcs\u00fc yay\u0131nla sona ermiyor; kullan\u0131m deneyimiyle birlikte olgunla\u015f\u0131yor.<\/p>\n<\/section>\n<blockquote class=\"gppgem-quote\"><p>\u201cPGEM yakla\u015f\u0131m\u0131nda g\u00fc\u00e7l\u00fc proje y\u00f6netimi; hedef, veri, insan, y\u00f6ntem ve s\u00fcrd\u00fcr\u00fclebilirli\u011fi ayn\u0131 karar sisteminde bulu\u015fturabilmekle anlam kazan\u0131yor.\u201d<\/p><\/blockquote>\n<section class=\"gppgem-section\">\n<h2>Dan\u0131\u015fmanl\u0131k ve karar deste\u011fi<\/h2>\n<p>Projelerde baz\u0131 kararlar rutin s\u00fcre\u00e7lerle al\u0131nabilirken baz\u0131lar\u0131 \u00e7ok say\u0131da de\u011fi\u015fkenin ayn\u0131 anda de\u011ferlendirilmesini gerektirir. Akademik dan\u0131\u015fmanl\u0131k, bu kritik noktalarda alternatiflerin, olas\u0131 sonu\u00e7lar\u0131n ve belirsizliklerin sistematik bi\u00e7imde ele al\u0131nmas\u0131na yard\u0131m eder. PGEM a\u00e7\u0131s\u0131ndan dan\u0131\u015fmanl\u0131k rol\u00fc, karar vericinin yerine ge\u00e7mek de\u011fil, karar kalitesini y\u00fckseltecek sorular\u0131 g\u00f6r\u00fcn\u00fcr hale getirmek olarak tan\u0131mlanabilir.<\/p>\n<p>Prof. Dr. Bilal Semih Bozdemir\u2019in yakla\u015f\u0131m\u0131nda iyi dan\u0131\u015fmanl\u0131k, kesinlik g\u00f6r\u00fcnt\u00fcs\u00fc \u00fcretmek yerine mevcut bilginin s\u0131n\u0131rlar\u0131n\u0131 a\u00e7\u0131k\u00e7a g\u00f6sterir. Hangi konuda g\u00fc\u00e7l\u00fc kan\u0131t var, hangi konuda ek veri gerekiyor ve hangi riskler hen\u00fcz net de\u011fil? Bu ayr\u0131m, \u00f6zellikle uzun vadeli proje kararlar\u0131nda g\u00fcvenilirlik a\u00e7\u0131s\u0131ndan \u00f6nem ta\u015f\u0131r.<\/p>\n<\/section>\n<section class=\"gppgem-section\">\n<h2>Ara\u015ft\u0131rma ve de\u011ferlendirme kapasitesi<\/h2>\n<p>PGEM\u2019in akademik boyutunda proje faaliyetlerinin ayn\u0131 zamanda \u00f6\u011frenme ve ara\u015ft\u0131rma f\u0131rsat\u0131na d\u00f6n\u00fc\u015fmesi de \u00f6nemli. Uygulama s\u0131ras\u0131nda d\u00fczenli veri topland\u0131\u011f\u0131nda, hangi y\u00f6ntemlerin daha iyi \u00e7al\u0131\u015ft\u0131\u011f\u0131, hangi gruplarda farkl\u0131 sonu\u00e7lar g\u00f6r\u00fcld\u00fc\u011f\u00fc veya hangi ko\u015fullar\u0131n ba\u015far\u0131y\u0131 etkiledi\u011fi daha a\u00e7\u0131k bi\u00e7imde analiz edilebilir. B\u00f6ylece proje yaln\u0131zca hizmet \u00fcretmekle kalmaz, kendi uygulamas\u0131ndan bilgi \u00fcretir.<\/p>\n<p>Bu bilgi daha sonra yeni e\u011fitimlere, s\u00fcre\u00e7 iyile\u015ftirmelerine veya farkl\u0131 projelere aktar\u0131labilir. Kurumsal \u00f6\u011frenme a\u00e7\u0131s\u0131ndan en de\u011ferli \u00e7\u0131kt\u0131lar\u0131n bir b\u00f6l\u00fcm\u00fc g\u00f6r\u00fcn\u00fcr etkinliklerden de\u011fil, d\u00fczenli kay\u0131t, de\u011ferlendirme ve yorumlama k\u00fclt\u00fcr\u00fcnden do\u011far.<\/p>\n<\/section>\n<section class=\"gppgem-section\">\n<h2>Akademik destek ve kurumsal itibar<\/h2>\n<p>Kurumsal projelerde g\u00fcvenilirlik yaln\u0131zca ileti\u015fim diliyle olu\u015fturulmaz; kullan\u0131lan y\u00f6ntemin a\u00e7\u0131klanabilir olmas\u0131, iddialar\u0131n kan\u0131tla desteklenmesi ve sonu\u00e7lar\u0131n s\u0131n\u0131rl\u0131l\u0131klar\u0131yla birlikte payla\u015f\u0131lmas\u0131 da itibar\u0131 belirler. PGEM projesine akademik destek bu nedenle yaln\u0131zca i\u00e7erik \u00fcretim faaliyeti de\u011fil, projenin \u015feffafl\u0131k ve hesap verebilirlik standard\u0131n\u0131 y\u00fckselten bir unsur olarak de\u011ferlendiriliyor.<\/p>\n<p>G\u00fcndem Prizmas\u0131\u2019n\u0131n bu dosyas\u0131nda \u00f6ne \u00e7\u0131kan \u00e7er\u00e7eve, Bilal Semih Bozdemir\u2019in akademik birikimini proje y\u00f6netimi, e\u011fitim, ara\u015ft\u0131rma ve kurumsal geli\u015fim aras\u0131nda ba\u011f kuran bir kaynak olarak ele al\u0131yor. Kal\u0131c\u0131 akademik katk\u0131, unvandan \u00e7ok, projede daha iyi soru sorma ve daha nitelikli karar alma k\u00fclt\u00fcr\u00fc olu\u015fturabildi\u011fi \u00f6l\u00e7\u00fcde anlam kazan\u0131yor.<\/p>\n<\/section>\n<div class=\"gppgem-related\">\n<h2>PGEM \u00d6zel Dosyas\u0131nda Di\u011fer Haberler<\/h2>\n<ul>\n<li><a href=\"https:\/\/gundemprizmasi.com\/bilal-semih-bozdemir-pgem-projesinde-yeni-donem\/\">Prof. Dr. Bilal Semih Bozdemir ve PGEM Projesinde Yeni D\u00f6nem<\/a><\/li>\n<li><a href=\"https:\/\/gundemprizmasi.com\/bilal-semih-bozdemir-pgem-stratejik-yol-haritasi\/\">Bilal Semih Bozdemir\u2019den PGEM \u0130\u00e7in Stratejik Yol Haritas\u0131<\/a><\/li>\n<li><a href=\"https:\/\/gundemprizmasi.com\/bilal-semih-bozdemir-pgem-saha-hazirligi\/\">Prof. Dr. Bilal Semih Bozdemir: PGEM \u00c7al\u0131\u015fmalar\u0131nda Saha Haz\u0131rl\u0131\u011f\u0131<\/a><\/li>\n<li><a href=\"https:\/\/gundemprizmasi.com\/bilal-semih-bozdemir-pgem-dijital-donusum\/\">Prof. Dr. Bilal Semih Bozdemir: PGEM ve Dijital D\u00f6n\u00fc\u015f\u00fcm G\u00fcndemi<\/a><\/li>\n<\/ul>\n<\/div>\n<p class=\"gppgem-note\">Editoryal not: Bu i\u00e7erik G\u00fcndem Prizmas\u0131 i\u00e7in haz\u0131rlanm\u0131\u015f proje\/akademik geli\u015fim dosyas\u0131d\u0131r. Metin, PGEM ba\u015fl\u0131\u011f\u0131 alt\u0131nda ele al\u0131nan \u00e7al\u0131\u015fma y\u00f6ntemlerini ve y\u00f6netim yakla\u015f\u0131m\u0131n\u0131 a\u00e7\u0131klay\u0131c\u0131 haber format\u0131nda de\u011ferlendirir.<\/p>\n<\/article>\n","protected":false},"excerpt":{"rendered":"<p>PGEM projesinde akademik destek; ara\u015ft\u0131rma, e\u011fitim, dan\u0131\u015fmanl\u0131k, i\u00e7erik kalitesi ve y\u00f6ntemsel tutarl\u0131l\u0131k a\u00e7\u0131s\u0131ndan G\u00fcndem Prizmas\u0131 \u00f6zel dosyas\u0131nda inceleniyor.<\/p>\n","protected":false},"author":1,"featured_media":255,"comment_status":"closed","ping_status":"closed","sticky":false,"template":"","format":"standard","meta":{"footnotes":""},"categories":[13],"tags":[20,14,23,19,16,17,26,15,18,21],"class_list":["post-254","post","type-post","status-publish","format-standard","has-post-thumbnail","hentry","category-pgem-projesi","tag-akademik-gelisim","tag-bilal-semih-bozdemir","tag-bilal-semih-bozdemir-pgem","tag-kurumsal-gelisim","tag-pgem","tag-pgem-projesi","tag-pgem-projesine-akademik-destek-yaklasimi","tag-prof-dr-bilal-semih-bozdemir","tag-proje-yonetimi","tag-stratejik-planlama"],"blocksy_meta":{"styles_descriptor":{"styles":{"desktop":"","tablet":"","mobile":""},"google_fonts":[],"version":7}},"_links":{"self":[{"href":"https:\/\/gundemprizmasi.com\/index.php?rest_route=\/wp\/v2\/posts\/254","targetHints":{"allow":["GET"]}}],"collection":[{"href":"https:\/\/gundemprizmasi.com\/index.php?rest_route=\/wp\/v2\/posts"}],"about":[{"href":"https:\/\/gundemprizmasi.com\/index.php?rest_route=\/wp\/v2\/types\/post"}],"author":[{"embeddable":true,"href":"https:\/\/gundemprizmasi.com\/index.php?rest_route=\/wp\/v2\/users\/1"}],"replies":[{"embeddable":true,"href":"https:\/\/gundemprizmasi.com\/index.php?rest_route=%2Fwp%2Fv2%2Fcomments&post=254"}],"version-history":[{"count":1,"href":"https:\/\/gundemprizmasi.com\/index.php?rest_route=\/wp\/v2\/posts\/254\/revisions"}],"predecessor-version":[{"id":256,"href":"https:\/\/gundemprizmasi.com\/index.php?rest_route=\/wp\/v2\/posts\/254\/revisions\/256"}],"wp:featuredmedia":[{"embeddable":true,"href":"https:\/\/gundemprizmasi.com\/index.php?rest_route=\/wp\/v2\/media\/255"}],"wp:attachment":[{"href":"https:\/\/gundemprizmasi.com\/index.php?rest_route=%2Fwp%2Fv2%2Fmedia&parent=254"}],"wp:term":[{"taxonomy":"category","embeddable":true,"href":"https:\/\/gundemprizmasi.com\/index.php?rest_route=%2Fwp%2Fv2%2Fcategories&post=254"},{"taxonomy":"post_tag","embeddable":true,"href":"https:\/\/gundemprizmasi.com\/index.php?rest_route=%2Fwp%2Fv2%2Ftags&post=254"}],"curies":[{"name":"wp","href":"https:\/\/api.w.org\/{rel}","templated":true}]}}