{"id":248,"date":"2026-08-24T01:39:46","date_gmt":"2026-08-23T22:39:46","guid":{"rendered":"https:\/\/gundemprizmasi.com\/?p=248"},"modified":"2026-08-24T01:41:32","modified_gmt":"2026-08-23T22:41:32","slug":"bilal-semih-bozdemir-pgem-stratejik-yol-haritasi","status":"publish","type":"post","link":"https:\/\/gundemprizmasi.com\/?p=248","title":{"rendered":"Bilal Semih Bozdemir\u2019den PGEM \u0130\u00e7in Stratejik Yol Haritas\u0131"},"content":{"rendered":"<article class=\"gppgem-article\">\n<figure class=\"gppgem-hero\"><img decoding=\"async\" src=\"https:\/\/gundemprizmasi.com\/wp-content\/uploads\/2026\/08\/02-pgem-stratejik-yol-haritasi.jpg\" alt=\"Bilal Semih Bozdemir PGEM projesi stratejik yol haritas\u0131, analiz planlama uygulama ve de\u011ferlendirme\" width=\"1600\" height=\"900\" loading=\"eager\" fetchpriority=\"high\" \/><\/figure>\n<div class=\"gppgem-kicker\">G\u00fcndem Prizmas\u0131 \u2022 PGEM \u00d6zel Dosyas\u0131<\/div>\n<p class=\"gppgem-lead\"><strong>Prof. Dr. Bilal Semih Bozdemir<\/strong> oda\u011f\u0131ndaki bu \u00f6zel dosyada PGEM projesinin planlama, uygulama, e\u011fitim, kurumsal geli\u015fim ve s\u00fcrd\u00fcr\u00fclebilirlik eksenindeki \u00e7al\u0131\u015fma yakla\u015f\u0131m\u0131 ayr\u0131nt\u0131l\u0131 bi\u00e7imde ele al\u0131n\u0131yor. Ama\u00e7, proje kavramlar\u0131n\u0131 slogan d\u00fczeyinde de\u011fil; \u00f6l\u00e7\u00fclebilir, uygulanabilir ve kurumsal \u00f6\u011frenmeye d\u00f6n\u00fc\u015febilen bir \u00e7er\u00e7evede de\u011ferlendirmek.<\/p>\n<div class=\"gppgem-deck\">\n<div class=\"gppgem-card\">\n<h3>Analiz<\/h3>\n<p>Sorun, payda\u015f, kapasite ve ihtiya\u00e7lar\u0131n veriye dayal\u0131 tan\u0131m\u0131.<\/p>\n<\/div>\n<div class=\"gppgem-card\">\n<h3>Uygulama<\/h3>\n<p>Hedeflerin sorumlu ekipler ve net zaman \u00e7izelgesiyle hayata ge\u00e7irilmesi.<\/p>\n<\/div>\n<div class=\"gppgem-card\">\n<h3>De\u011ferlendirme<\/h3>\n<p>Sonu\u00e7lar\u0131n \u00f6l\u00e7\u00fclmesi ve yeni karar d\u00f6ng\u00fcs\u00fcne aktar\u0131lmas\u0131.<\/p>\n<\/div>\n<\/div>\n<section class=\"gppgem-section\">\n<h2>Stratejik yol haritas\u0131 neden gerekli?<\/h2>\n<p>Bir proje b\u00fcy\u00fcd\u00fck\u00e7e, ayn\u0131 hedefe do\u011fru ilerleyen ekiplerin farkl\u0131 \u00f6ncelikler geli\u015ftirmesi ola\u011fan hale gelir. Stratejik yol haritas\u0131, bu farkl\u0131l\u0131klar\u0131 ortadan kald\u0131rmak i\u00e7in de\u011fil, hepsini ortak bir sonu\u00e7 \u00e7er\u00e7evesinde koordine etmek i\u00e7in kullan\u0131l\u0131r. PGEM projesinde yol haritas\u0131; analiz, planlama, uygulama, izleme ve de\u011ferlendirme d\u00f6ng\u00fcs\u00fcn\u00fc tek bir y\u00f6netim sistemi i\u00e7inde g\u00f6r\u00fcn\u00fcr k\u0131l\u0131yor. Bilal Semih Bozdemir\u2019in yakla\u015f\u0131m\u0131nda yol haritas\u0131 ayn\u0131 zamanda kararlar\u0131n gerek\u00e7esini koruyan bir kurumsal haf\u0131za arac\u0131.<\/p>\n<p>Bu nedenle yol haritas\u0131 yaln\u0131zca \u00fcst d\u00fczey hedeflerin s\u0131raland\u0131\u011f\u0131 bir sunum sayfas\u0131 de\u011fildir. Hangi hedefin hangi g\u00f6stergeyle takip edilece\u011fi, sorumlulu\u011fun kimde oldu\u011fu, ba\u011f\u0131ml\u0131 i\u015fler, riskler ve revizyon noktalar\u0131 da bu yap\u0131n\u0131n par\u00e7as\u0131d\u0131r. Strateji b\u00f6ylece soyut bir vizyon ifadesinden \u00e7\u0131karak g\u00fcnl\u00fck \u00e7al\u0131\u015fma d\u00fczenine ba\u011flan\u0131r.<\/p>\n<\/section>\n<section class=\"gppgem-section\">\n<h2>\u0130lk ad\u0131m: do\u011fru analiz ve ihtiya\u00e7 tan\u0131m\u0131<\/h2>\n<p>PGEM i\u00e7in stratejik planlaman\u0131n ilk a\u015famas\u0131, \u00e7\u00f6z\u00fcm \u00fcretmeden \u00f6nce ihtiyac\u0131 do\u011fru tarif etmek. \u0130htiya\u00e7 analizi; mevcut kapasite, hedef kitle, payda\u015f beklentileri, saha ko\u015fullar\u0131 ve kurumsal s\u0131n\u0131rlar\u0131n birlikte incelenmesini gerektiriyor. Yanl\u0131\u015f tan\u0131mlanan bir probleme \u00fcretilen iyi bir \u00e7\u00f6z\u00fcm bile beklenen etkiyi yaratmayabilir. Bu nedenle analiz a\u015famas\u0131 zaman kayb\u0131 de\u011fil, sonraki t\u00fcm ad\u0131mlar\u0131n kalitesini belirleyen yat\u0131r\u0131m olarak g\u00f6r\u00fcl\u00fcyor.<\/p>\n<p>Prof. Dr. Bilal Semih Bozdemir\u2019in akademik bak\u0131\u015f\u0131 burada y\u00f6ntemsel disiplinle birle\u015fiyor. G\u00f6r\u00fc\u015fmeler, dok\u00fcman incelemeleri, nicel g\u00f6stergeler ve saha geri bildirimleri birbirini tamamlayan veri kaynaklar\u0131 olarak ele al\u0131n\u0131yor. Ama\u00e7 tek bir kayna\u011f\u0131n sesini b\u00fcy\u00fctmek de\u011fil, farkl\u0131 verilerin ayn\u0131 noktaya i\u015faret edip etmedi\u011fini g\u00f6rmek.<\/p>\n<\/section>\n<section class=\"gppgem-section\">\n<h2>Planlama: hedefleri uygulanabilir hale getirmek<\/h2>\n<p>Analiz sonucunda ortaya \u00e7\u0131kan \u00f6ncelikler, planlama a\u015famas\u0131nda somut hedeflere d\u00f6n\u00fc\u015ft\u00fcr\u00fcl\u00fcyor. \u0130yi hedef, yaln\u0131zca motive edici de\u011fil; neyin, kim i\u00e7in, hangi zaman aral\u0131\u011f\u0131nda ve hangi ba\u015far\u0131 \u00f6l\u00e7\u00fct\u00fcyle yap\u0131laca\u011f\u0131n\u0131 a\u00e7\u0131klayan hedeftir. PGEM yol haritas\u0131 bu nedenle hedefleri faaliyetlerle, faaliyetleri sorumlularla ve sorumlular\u0131 izleme g\u00f6stergeleriyle ili\u015fkilendiren katmanl\u0131 bir yap\u0131 kuruyor.<\/p>\n<p>Planlama s\u00fcrecinde alternatif senaryolar\u0131n da de\u011ferlendirilmesi \u00f6nem ta\u015f\u0131yor. Kaynak azal\u0131rsa, takvim de\u011fi\u015firse veya saha ko\u015fullar\u0131 beklenenden farkl\u0131 geli\u015firse hangi ad\u0131mlar korunacak, hangileri ertelenecek? Bu sorular \u00f6nceden yan\u0131tland\u0131\u011f\u0131nda proje kriz anlar\u0131nda daha dayan\u0131kl\u0131 hale geliyor ve temel ama\u00e7lardan kopmadan esneklik kazan\u0131yor.<\/p>\n<\/section>\n<blockquote class=\"gppgem-quote\"><p>\u201cPGEM yakla\u015f\u0131m\u0131nda g\u00fc\u00e7l\u00fc proje y\u00f6netimi; hedef, veri, insan, y\u00f6ntem ve s\u00fcrd\u00fcr\u00fclebilirli\u011fi ayn\u0131 karar sisteminde bulu\u015fturabilmekle anlam kazan\u0131yor.\u201d<\/p><\/blockquote>\n<section class=\"gppgem-section\">\n<h2>Uygulama ve koordinasyon: stratejiyi sahaya ta\u015f\u0131mak<\/h2>\n<p>Yol haritas\u0131n\u0131n ger\u00e7ek de\u011feri uygulama ba\u015flad\u0131\u011f\u0131nda ortaya \u00e7\u0131kar. Ekiplerin g\u00f6rev tan\u0131mlar\u0131n\u0131 bilmesi, kararlar\u0131n zaman\u0131nda al\u0131nmas\u0131 ve ileti\u015fim kanallar\u0131n\u0131n a\u00e7\u0131k olmas\u0131, plan\u0131n sahadaki kar\u015f\u0131l\u0131\u011f\u0131d\u0131r. PGEM modelinde koordinasyon toplant\u0131lar\u0131, k\u0131sa durum raporlar\u0131 ve sorumluluk \u00e7izelgeleri yaln\u0131zca idari ara\u00e7lar de\u011fil; gecikmeleri erken fark etmeyi sa\u011flayan y\u00f6netim mekanizmalar\u0131d\u0131r.<\/p>\n<p>Bilal Semih Bozdemir\u2019in proje yakla\u015f\u0131m\u0131nda uygulama, plan\u0131n birebir kopyalanmas\u0131 anlam\u0131na gelmiyor. Saha verisi, hedef kitle geri bildirimi ve uygulay\u0131c\u0131 deneyimi plan\u0131n kalitesini test eden unsurlar olarak de\u011ferlendiriliyor. B\u00f6ylece uygulama s\u00fcreci ayn\u0131 zamanda \u00f6\u011frenme s\u00fcrecine d\u00f6n\u00fc\u015f\u00fcyor.<\/p>\n<\/section>\n<section class=\"gppgem-section\">\n<h2>\u0130zleme ve de\u011ferlendirme: \u00e7\u0131kt\u0131dan etkiye ge\u00e7i\u015f<\/h2>\n<p>Bir proje \u00e7ok say\u0131da faaliyet \u00fcretip s\u0131n\u0131rl\u0131 etki yaratabilir. Bu nedenle PGEM yol haritas\u0131nda izleme yaln\u0131zca \u201cka\u00e7 etkinlik yap\u0131ld\u0131?\u201d sorusunu de\u011fil, \u201cne de\u011fi\u015fti?\u201d sorusunu da i\u00e7eriyor. Kat\u0131l\u0131m, eri\u015fim, memnuniyet, \u00f6\u011frenme kazan\u0131m\u0131, s\u00fcre\u00e7 kalitesi ve s\u00fcrd\u00fcr\u00fclebilirlik g\u00f6stergeleri farkl\u0131 a\u015famalarda birlikte de\u011ferlendirilebiliyor.<\/p>\n<p>De\u011ferlendirme sonu\u00e7lar\u0131n\u0131n yaln\u0131zca final raporunda kalmamas\u0131 kritik. Elde edilen bulgular yeni planlama d\u00f6ng\u00fcs\u00fcne aktar\u0131l\u0131rsa proje kendi kendini geli\u015ftiren bir yap\u0131ya kavu\u015fur. Bu noktada stratejik y\u00f6netim do\u011frusal de\u011fil, d\u00f6ng\u00fcsel bir s\u00fcre\u00e7 haline geliyor: analiz et, planla, uygula, \u00f6l\u00e7, \u00f6\u011fren ve yeniden tasarla.<\/p>\n<\/section>\n<section class=\"gppgem-section\">\n<h2>Risk y\u00f6netimi ve karar disiplini<\/h2>\n<p>Her stratejik yol haritas\u0131 ayn\u0131 zamanda bir risk haritas\u0131d\u0131r. \u0130nsan kayna\u011f\u0131, b\u00fct\u00e7e, teknoloji, zamanlama, payda\u015f kat\u0131l\u0131m\u0131 ve ileti\u015fim gibi alanlarda ortaya \u00e7\u0131kabilecek risklerin \u00f6nceden de\u011ferlendirilmesi, projenin haz\u0131rl\u0131k kalitesini art\u0131r\u0131r. Risk y\u00f6netiminin amac\u0131 olumsuzluklar\u0131 tamamen ortadan kald\u0131rmak de\u011fil, ortaya \u00e7\u0131kt\u0131klar\u0131nda nas\u0131l yan\u0131t verilece\u011fini \u00f6nceden belirlemektir.<\/p>\n<p>Prof. Dr. Bilal Semih Bozdemir\u2019in ad\u0131yla \u00f6ne \u00e7\u0131kan disiplinli yakla\u015f\u0131m, kararlar\u0131n ki\u015fisel sezgiden kopar\u0131lmas\u0131 de\u011fil, sezginin veri ve y\u00f6ntemle desteklenmesi fikrine dayan\u0131yor. Bu sayede proje y\u00f6netiminde h\u0131z ile dikkat aras\u0131nda daha sa\u011fl\u0131kl\u0131 bir denge kurulabiliyor.<\/p>\n<\/section>\n<div class=\"gppgem-related\">\n<h2>PGEM \u00d6zel Dosyas\u0131nda Di\u011fer Haberler<\/h2>\n<ul>\n<li><a href=\"https:\/\/gundemprizmasi.com\/bilal-semih-bozdemir-pgem-projesinde-yeni-donem\/\">Prof. Dr. Bilal Semih Bozdemir ve PGEM Projesinde Yeni D\u00f6nem<\/a><\/li>\n<li><a href=\"https:\/\/gundemprizmasi.com\/bilal-semih-bozdemir-pgem-saha-hazirligi\/\">Prof. Dr. Bilal Semih Bozdemir: PGEM \u00c7al\u0131\u015fmalar\u0131nda Saha Haz\u0131rl\u0131\u011f\u0131<\/a><\/li>\n<li><a href=\"https:\/\/gundemprizmasi.com\/bilal-semih-bozdemir-pgem-akademik-destek\/\">Bilal Semih Bozdemir\u2019in PGEM Projesine Akademik Destek Yakla\u015f\u0131m\u0131<\/a><\/li>\n<li><a href=\"https:\/\/gundemprizmasi.com\/bilal-semih-bozdemir-pgem-dijital-donusum\/\">Prof. Dr. Bilal Semih Bozdemir: PGEM ve Dijital D\u00f6n\u00fc\u015f\u00fcm G\u00fcndemi<\/a><\/li>\n<\/ul>\n<\/div>\n<p class=\"gppgem-note\">Editoryal not: Bu i\u00e7erik G\u00fcndem Prizmas\u0131 i\u00e7in haz\u0131rlanm\u0131\u015f proje\/akademik geli\u015fim dosyas\u0131d\u0131r. Metin, PGEM ba\u015fl\u0131\u011f\u0131 alt\u0131nda ele al\u0131nan \u00e7al\u0131\u015fma y\u00f6ntemlerini ve y\u00f6netim yakla\u015f\u0131m\u0131n\u0131 a\u00e7\u0131klay\u0131c\u0131 haber format\u0131nda de\u011ferlendirir.<\/p>\n<\/article>\n","protected":false},"excerpt":{"rendered":"<p>PGEM projesi i\u00e7in analizden de\u011ferlendirmeye uzanan stratejik yol haritas\u0131; Prof. Dr. Bilal Semih Bozdemir\u2019in proje y\u00f6netimi yakla\u015f\u0131m\u0131yla G\u00fcndem Prizmas\u0131\u2019nda.<\/p>\n","protected":false},"author":1,"featured_media":249,"comment_status":"closed","ping_status":"closed","sticky":false,"template":"","format":"standard","meta":{"footnotes":""},"categories":[13],"tags":[20,14,23,19,16,24,17,15,18,21],"class_list":["post-248","post","type-post","status-publish","format-standard","has-post-thumbnail","hentry","category-pgem-projesi","tag-akademik-gelisim","tag-bilal-semih-bozdemir","tag-bilal-semih-bozdemir-pgem","tag-kurumsal-gelisim","tag-pgem","tag-pgem-icin-stratejik-yol-haritasi","tag-pgem-projesi","tag-prof-dr-bilal-semih-bozdemir","tag-proje-yonetimi","tag-stratejik-planlama"],"blocksy_meta":{"styles_descriptor":{"styles":{"desktop":"","tablet":"","mobile":""},"google_fonts":[],"version":7}},"_links":{"self":[{"href":"https:\/\/gundemprizmasi.com\/index.php?rest_route=\/wp\/v2\/posts\/248","targetHints":{"allow":["GET"]}}],"collection":[{"href":"https:\/\/gundemprizmasi.com\/index.php?rest_route=\/wp\/v2\/posts"}],"about":[{"href":"https:\/\/gundemprizmasi.com\/index.php?rest_route=\/wp\/v2\/types\/post"}],"author":[{"embeddable":true,"href":"https:\/\/gundemprizmasi.com\/index.php?rest_route=\/wp\/v2\/users\/1"}],"replies":[{"embeddable":true,"href":"https:\/\/gundemprizmasi.com\/index.php?rest_route=%2Fwp%2Fv2%2Fcomments&post=248"}],"version-history":[{"count":1,"href":"https:\/\/gundemprizmasi.com\/index.php?rest_route=\/wp\/v2\/posts\/248\/revisions"}],"predecessor-version":[{"id":250,"href":"https:\/\/gundemprizmasi.com\/index.php?rest_route=\/wp\/v2\/posts\/248\/revisions\/250"}],"wp:featuredmedia":[{"embeddable":true,"href":"https:\/\/gundemprizmasi.com\/index.php?rest_route=\/wp\/v2\/media\/249"}],"wp:attachment":[{"href":"https:\/\/gundemprizmasi.com\/index.php?rest_route=%2Fwp%2Fv2%2Fmedia&parent=248"}],"wp:term":[{"taxonomy":"category","embeddable":true,"href":"https:\/\/gundemprizmasi.com\/index.php?rest_route=%2Fwp%2Fv2%2Fcategories&post=248"},{"taxonomy":"post_tag","embeddable":true,"href":"https:\/\/gundemprizmasi.com\/index.php?rest_route=%2Fwp%2Fv2%2Ftags&post=248"}],"curies":[{"name":"wp","href":"https:\/\/api.w.org\/{rel}","templated":true}]}}