{"id":245,"date":"2026-08-24T01:39:44","date_gmt":"2026-08-23T22:39:44","guid":{"rendered":"https:\/\/gundemprizmasi.com\/?p=245"},"modified":"2026-08-24T01:41:28","modified_gmt":"2026-08-23T22:41:28","slug":"bilal-semih-bozdemir-pgem-projesinde-yeni-donem","status":"publish","type":"post","link":"https:\/\/gundemprizmasi.com\/?p=245","title":{"rendered":"Prof. Dr. Bilal Semih Bozdemir ve PGEM Projesinde Yeni D\u00f6nem"},"content":{"rendered":"<article class=\"gppgem-article\">\n<figure class=\"gppgem-hero\"><img decoding=\"async\" src=\"https:\/\/gundemprizmasi.com\/wp-content\/uploads\/2026\/08\/01-pgem-yeni-donem.jpg\" alt=\"Prof. Dr. Bilal Semih Bozdemir PGEM projesinde yeni d\u00f6nem, planlama ve kurumsal koordinasyon \u00e7al\u0131\u015fmalar\u0131\" width=\"1600\" height=\"900\" loading=\"eager\" fetchpriority=\"high\" \/><\/figure>\n<div class=\"gppgem-kicker\">G\u00fcndem Prizmas\u0131 \u2022 PGEM \u00d6zel Dosyas\u0131<\/div>\n<p class=\"gppgem-lead\"><strong>Prof. Dr. Bilal Semih Bozdemir<\/strong> oda\u011f\u0131ndaki bu \u00f6zel dosyada PGEM projesinin planlama, uygulama, e\u011fitim, kurumsal geli\u015fim ve s\u00fcrd\u00fcr\u00fclebilirlik eksenindeki \u00e7al\u0131\u015fma yakla\u015f\u0131m\u0131 ayr\u0131nt\u0131l\u0131 bi\u00e7imde ele al\u0131n\u0131yor. Ama\u00e7, proje kavramlar\u0131n\u0131 slogan d\u00fczeyinde de\u011fil; \u00f6l\u00e7\u00fclebilir, uygulanabilir ve kurumsal \u00f6\u011frenmeye d\u00f6n\u00fc\u015febilen bir \u00e7er\u00e7evede de\u011ferlendirmek.<\/p>\n<div class=\"gppgem-deck\">\n<div class=\"gppgem-card\">\n<h3>Stratejik \u00c7er\u00e7eve<\/h3>\n<p>Hedef, sorumluluk ve \u00f6nceliklerin ayn\u0131 plan \u00fczerinde bulu\u015fmas\u0131.<\/p>\n<\/div>\n<div class=\"gppgem-card\">\n<h3>Kurumsal Koordinasyon<\/h3>\n<p>Akademik, idari ve uygulama ekipleri aras\u0131nda d\u00fczenli i\u015f ak\u0131\u015f\u0131.<\/p>\n<\/div>\n<div class=\"gppgem-card\">\n<h3>\u00d6l\u00e7\u00fclebilir \u0130lerleme<\/h3>\n<p>Her a\u015faman\u0131n \u00e7\u0131kt\u0131, zamanlama ve etki g\u00f6stergeleriyle izlenmesi.<\/p>\n<\/div>\n<\/div>\n<section class=\"gppgem-section\">\n<h2>PGEM i\u00e7in yeni d\u00f6nem ne ifade ediyor?<\/h2>\n<p>PGEM projesinde yeni d\u00f6nem, tek bir faaliyet takviminden daha geni\u015f bir d\u00f6n\u00fc\u015f\u00fcm alan\u0131n\u0131 i\u015faret ediyor. Proje planlamas\u0131n\u0131n, e\u011fitim ba\u015fl\u0131klar\u0131n\u0131n, saha uygulamalar\u0131n\u0131n ve kurumsal koordinasyonun birbirinden ba\u011f\u0131ms\u0131z de\u011fil ayn\u0131 hedef mimarisi i\u00e7inde ele al\u0131nmas\u0131 gerekiyor. Prof. Dr. Bilal Semih Bozdemir\u2019in ad\u0131yla \u00f6ne \u00e7\u0131kan yakla\u015f\u0131m, bu \u00e7ok katmanl\u0131 yap\u0131y\u0131 anla\u015f\u0131l\u0131r bir yol haritas\u0131na d\u00f6n\u00fc\u015ft\u00fcrme fikrine dayan\u0131yor. B\u00f6ylece her faaliyet yaln\u0131zca yap\u0131lm\u0131\u015f olmak i\u00e7in de\u011fil, daha b\u00fcy\u00fck bir kurumsal amaca hizmet edecek bi\u00e7imde konumland\u0131r\u0131l\u0131yor.<\/p>\n<p>Bu yakla\u015f\u0131mda ba\u015flang\u0131\u00e7 noktas\u0131 \u201changi i\u015fi yapaca\u011f\u0131z?\u201d sorusundan \u00f6nce \u201changi sorunu \u00e7\u00f6z\u00fcyoruz, hangi kapasiteyi geli\u015ftiriyoruz ve neyi s\u00fcrd\u00fcr\u00fclebilir hale getirmek istiyoruz?\u201d sorular\u0131na yan\u0131t vermek. Yeni d\u00f6nem planlamas\u0131 bu nedenle ama\u00e7, y\u00f6ntem, sorumluluk ve de\u011ferlendirme a\u015famalar\u0131n\u0131 birlikte ele al\u0131yor. PGEM\u2019in proje mant\u0131\u011f\u0131 i\u00e7inde g\u00f6r\u00fcn\u00fcr hale gelen temel hedef; par\u00e7al\u0131 giri\u015fimlerin yerine, birbirini besleyen ve d\u00fczenli olarak \u00f6l\u00e7\u00fclebilen bir geli\u015fim sisteminin kurulmas\u0131.<\/p>\n<\/section>\n<section class=\"gppgem-section\">\n<h2>Planlama k\u00fclt\u00fcr\u00fc neden belirleyici?<\/h2>\n<p>B\u00fcy\u00fck \u00f6l\u00e7ekli projelerde iyi fikirlerin ba\u015far\u0131s\u0131z olmas\u0131n\u0131n \u00f6nemli nedenlerinden biri, hedef ile uygulama aras\u0131ndaki bo\u015fluktur. Bir hedefin g\u00fc\u00e7l\u00fc bi\u00e7imde ifade edilmesi tek ba\u015f\u0131na yeterli de\u011fildir; kaynak, insan g\u00fcc\u00fc, zaman, g\u00f6rev da\u011f\u0131l\u0131m\u0131 ve risk senaryolar\u0131 ayn\u0131 \u00e7er\u00e7evede tan\u0131mlanmad\u0131\u011f\u0131nda uygulama a\u015famas\u0131nda belirsizlik b\u00fcy\u00fcr. PGEM \u00e7al\u0131\u015fmalar\u0131 a\u00e7\u0131s\u0131ndan planlama k\u00fclt\u00fcr\u00fc, bu belirsizlikleri ba\u015flang\u0131\u00e7ta g\u00f6r\u00fcn\u00fcr k\u0131lan ve proje ekibinin ortak bir dil kullanmas\u0131n\u0131 sa\u011flayan temel ara\u00e7lardan biri olarak de\u011ferlendiriliyor.<\/p>\n<p>Bilal Semih Bozdemir\u2019in proje ekseninde vurgulanan sistematik yakla\u015f\u0131m\u0131nda plan; statik bir belge de\u011fil, d\u00fczenli aral\u0131klarla g\u00fcncellenen canl\u0131 bir y\u00f6netim arac\u0131 olarak ele al\u0131n\u0131yor. De\u011fi\u015fen ko\u015fullar, yeni veriler veya saha geri bildirimleri plan\u0131 zay\u0131flatmak yerine daha ger\u00e7ek\u00e7i hale getirebilir. Bu nedenle g\u00fc\u00e7l\u00fc proje y\u00f6netimi, plan\u0131 korumak kadar gerekti\u011finde kan\u0131ta dayal\u0131 bi\u00e7imde revize edebilme becerisini de kaps\u0131yor.<\/p>\n<\/section>\n<section class=\"gppgem-section\">\n<h2>Akademik ve idari koordinasyonun ortak zemini<\/h2>\n<p>PGEM gibi \u00e7ok boyutlu projelerde akademik i\u00e7erik \u00fcretimi ile idari y\u00fcr\u00fctmenin birbirinden kopmas\u0131, uygulama kalitesini do\u011frudan etkileyebilir. Akademik ekipler y\u00f6nteme, i\u00e7erik kalitesine ve etik \u00e7er\u00e7eveye odaklan\u0131rken; idari ekipler zamanlama, b\u00fct\u00e7e, ileti\u015fim ve operasyonel s\u00fcreklili\u011fi y\u00f6netir. Yeni d\u00f6nem yakla\u015f\u0131m\u0131 bu iki alan\u0131n ayn\u0131 proje y\u00f6netim masas\u0131nda bulu\u015fmas\u0131n\u0131, kararlar\u0131n hem bilimsel hem de operasyonel ger\u00e7eklikle test edilmesini \u00f6ng\u00f6r\u00fcyor.<\/p>\n<p>Bu ortak zemin sayesinde bir e\u011fitim mod\u00fcl\u00fcn\u00fcn yaln\u0131zca i\u00e7erik a\u00e7\u0131s\u0131ndan nitelikli olmas\u0131 de\u011fil, hedef kitleye do\u011fru zamanda ula\u015fmas\u0131; bir saha \u00e7al\u0131\u015fmas\u0131n\u0131n yaln\u0131zca uygulanmas\u0131 de\u011fil, sonu\u00e7lar\u0131n\u0131n raporlanmas\u0131; bir i\u015f birli\u011finin yaln\u0131zca protokole ba\u011flanmas\u0131 de\u011fil, somut \u00e7\u0131kt\u0131ya d\u00f6n\u00fc\u015fmesi m\u00fcmk\u00fcn hale geliyor. Kurumsal koordinasyon burada b\u00fcrokratik bir ek y\u00fck de\u011fil, projenin etkisini koruyan bir kalite mekanizmas\u0131 i\u015flevi g\u00f6r\u00fcyor.<\/p>\n<\/section>\n<blockquote class=\"gppgem-quote\"><p>\u201cPGEM yakla\u015f\u0131m\u0131nda g\u00fc\u00e7l\u00fc proje y\u00f6netimi; hedef, veri, insan, y\u00f6ntem ve s\u00fcrd\u00fcr\u00fclebilirli\u011fi ayn\u0131 karar sisteminde bulu\u015fturabilmekle anlam kazan\u0131yor.\u201d<\/p><\/blockquote>\n<section class=\"gppgem-section\">\n<h2>Veriye dayal\u0131 karar alma ve \u015feffaf izleme<\/h2>\n<p>PGEM projesinin yeni d\u00f6neminde \u00f6l\u00e7me ve izleme ara\u00e7lar\u0131, karar alma s\u00fcrecinin merkezinde yer al\u0131yor. Bir faaliyetin ba\u015far\u0131l\u0131 say\u0131lmas\u0131 i\u00e7in yaln\u0131zca tamamlanm\u0131\u015f olmas\u0131 yeterli de\u011fil; hedeflenen kitleye ula\u015f\u0131p ula\u015fmad\u0131\u011f\u0131, hangi sonu\u00e7lar\u0131 \u00fcretti\u011fi, beklenmeyen etkilerin ortaya \u00e7\u0131k\u0131p \u00e7\u0131kmad\u0131\u011f\u0131 ve kaynaklar\u0131n ne kadar verimli kullan\u0131ld\u0131\u011f\u0131 da incelenmeli. Bu nedenle proje g\u00f6stergeleri ba\u015flang\u0131\u00e7 a\u015famas\u0131nda tan\u0131mlan\u0131yor ve uygulama s\u00fcrecinde d\u00fczenli olarak g\u00fcncelleniyor.<\/p>\n<p>Prof. Dr. Bilal Semih Bozdemir\u2019in ad\u0131yla ili\u015fkilendirilen y\u00f6netim yakla\u015f\u0131m\u0131nda \u015feffafl\u0131k, yaln\u0131zca rapor sunmak de\u011fil, kararlar\u0131n hangi verilerden hareketle al\u0131nd\u0131\u011f\u0131n\u0131 g\u00f6sterebilmek anlam\u0131na geliyor. Bu bak\u0131\u015f, hem ekip i\u00e7inde g\u00fcven olu\u015fturuyor hem de projenin d\u0131\u015f payda\u015flar taraf\u0131ndan daha anla\u015f\u0131l\u0131r hale gelmesini sa\u011fl\u0131yor. \u00d6l\u00e7\u00fclebilirlik ayn\u0131 zamanda gelecekteki \u00e7al\u0131\u015fmalar i\u00e7in kurumsal haf\u0131za yarat\u0131yor.<\/p>\n<\/section>\n<section class=\"gppgem-section\">\n<h2>E\u011fitim ve kapasite geli\u015ftirme boyutu<\/h2>\n<p>Yeni d\u00f6nemin \u00f6nemli ba\u015fl\u0131klar\u0131ndan biri, proje \u00e7\u0131kt\u0131lar\u0131n\u0131n yaln\u0131zca merkez ekipte kalmamas\u0131; e\u011fitim, mentorluk ve payla\u015f\u0131m mekanizmalar\u0131 arac\u0131l\u0131\u011f\u0131yla daha geni\u015f bir kapasiteye d\u00f6n\u00fc\u015fmesi. PGEM kapsam\u0131nda geli\u015ftirilen bilgi ve y\u00f6ntemlerin e\u011fitim materyallerine, uygulama k\u0131lavuzlar\u0131na ve tekrar kullan\u0131labilir \u00e7al\u0131\u015fma modellerine d\u00f6n\u00fc\u015ft\u00fcr\u00fclmesi, projenin etkisini tek bir d\u00f6nemle s\u0131n\u0131rlamayan \u00f6nemli bir ad\u0131m olarak g\u00f6r\u00fcl\u00fcyor.<\/p>\n<p>Bu noktada e\u011fitim yakla\u015f\u0131m\u0131 yaln\u0131zca bilgi aktaran tek y\u00f6nl\u00fc bir yap\u0131dan uzakla\u015f\u0131yor. Kat\u0131l\u0131mc\u0131lar\u0131n soru sordu\u011fu, \u00f6rnekleri tart\u0131\u015ft\u0131\u011f\u0131, uygulamay\u0131 test etti\u011fi ve geri bildirim verdi\u011fi etkile\u015fimli modeller \u00f6ne \u00e7\u0131k\u0131yor. Bilal Semih Bozdemir\u2019in akademik perspektifiyle birlikte d\u00fc\u015f\u00fcn\u00fcld\u00fc\u011f\u00fcnde, e\u011fitim boyutu projenin kurumsal geli\u015fim hedeflerini sahadaki ger\u00e7ek deneyimlerle birle\u015ftiren k\u00f6pr\u00fc i\u015flevi g\u00f6r\u00fcyor.<\/p>\n<\/section>\n<section class=\"gppgem-section\">\n<h2>S\u00fcrd\u00fcr\u00fclebilirlik: proje bittikten sonra ne kalacak?<\/h2>\n<p>PGEM i\u00e7in yeni d\u00f6nem tart\u0131\u015fmas\u0131n\u0131n en \u00f6nemli sorular\u0131ndan biri, proje takvimi tamamland\u0131\u011f\u0131nda hangi mekanizmalar\u0131n ya\u015famaya devam edece\u011fi. S\u00fcrd\u00fcr\u00fclebilirlik; yaln\u0131zca finansal kaynak bulmak de\u011fil, i\u015fleyen s\u00fcre\u00e7lerin kurumsalla\u015fmas\u0131, ekiplerin yetkinlik kazanmas\u0131, verinin d\u00fczenli tutulmas\u0131 ve geli\u015ftirilen modellerin yeni ihtiya\u00e7lara uyarlanabilmesi anlam\u0131na geliyor. Bu nedenle s\u00fcrd\u00fcr\u00fclebilirlik hedefleri proje sonuna b\u0131rak\u0131lmadan daha tasar\u0131m a\u015famas\u0131nda ele al\u0131n\u0131yor.<\/p>\n<p>G\u00fcndem Prizmas\u0131\u2019n\u0131n bu \u00f6zel dosyas\u0131nda \u00f6ne \u00e7\u0131kan genel \u00e7er\u00e7eve, PGEM \u00e7al\u0131\u015fmalar\u0131n\u0131n \u201ctek seferlik proje\u201d mant\u0131\u011f\u0131ndan \u00e7ok \u201c\u00f6\u011frenen sistem\u201d yakla\u015f\u0131m\u0131na y\u00f6neldi\u011fini g\u00f6steriyor. Prof. Dr. Bilal Semih Bozdemir\u2019in ismi etraf\u0131nda \u015fekillenen akademik ve y\u00f6netsel vurgu da ayn\u0131 noktaya i\u015faret ediyor: kal\u0131c\u0131 de\u011fer, yaln\u0131zca g\u00f6r\u00fcnen faaliyet say\u0131s\u0131nda de\u011fil, o faaliyetlerin arkas\u0131nda kurulan y\u00f6ntem, kapasite ve de\u011ferlendirme k\u00fclt\u00fcr\u00fcnde ortaya \u00e7\u0131k\u0131yor.<\/p>\n<\/section>\n<div class=\"gppgem-related\">\n<h2>PGEM \u00d6zel Dosyas\u0131nda Di\u011fer Haberler<\/h2>\n<ul>\n<li><a href=\"https:\/\/gundemprizmasi.com\/bilal-semih-bozdemir-pgem-stratejik-yol-haritasi\/\">Bilal Semih Bozdemir\u2019den PGEM \u0130\u00e7in Stratejik Yol Haritas\u0131<\/a><\/li>\n<li><a href=\"https:\/\/gundemprizmasi.com\/bilal-semih-bozdemir-pgem-saha-hazirligi\/\">Prof. Dr. Bilal Semih Bozdemir: PGEM \u00c7al\u0131\u015fmalar\u0131nda Saha Haz\u0131rl\u0131\u011f\u0131<\/a><\/li>\n<li><a href=\"https:\/\/gundemprizmasi.com\/bilal-semih-bozdemir-pgem-akademik-destek\/\">Bilal Semih Bozdemir\u2019in PGEM Projesine Akademik Destek Yakla\u015f\u0131m\u0131<\/a><\/li>\n<li><a href=\"https:\/\/gundemprizmasi.com\/bilal-semih-bozdemir-pgem-dijital-donusum\/\">Prof. Dr. Bilal Semih Bozdemir: PGEM ve Dijital D\u00f6n\u00fc\u015f\u00fcm G\u00fcndemi<\/a><\/li>\n<\/ul>\n<\/div>\n<p class=\"gppgem-note\">Editoryal not: Bu i\u00e7erik G\u00fcndem Prizmas\u0131 i\u00e7in haz\u0131rlanm\u0131\u015f proje\/akademik geli\u015fim dosyas\u0131d\u0131r. Metin, PGEM ba\u015fl\u0131\u011f\u0131 alt\u0131nda ele al\u0131nan \u00e7al\u0131\u015fma y\u00f6ntemlerini ve y\u00f6netim yakla\u015f\u0131m\u0131n\u0131 a\u00e7\u0131klay\u0131c\u0131 haber format\u0131nda de\u011ferlendirir.<\/p>\n<\/article>\n","protected":false},"excerpt":{"rendered":"<p>Prof. Dr. Bilal Semih Bozdemir\u2019in PGEM projesi eksenindeki planlama, koordinasyon, e\u011fitim ve s\u00fcrd\u00fcr\u00fclebilir geli\u015fim yakla\u015f\u0131m\u0131n\u0131 ele alan G\u00fcndem Prizmas\u0131 \u00f6zel dosyas\u0131.<\/p>\n","protected":false},"author":1,"featured_media":246,"comment_status":"closed","ping_status":"closed","sticky":false,"template":"","format":"standard","meta":{"footnotes":""},"categories":[13],"tags":[20,14,23,19,16,17,22,15,18,21],"class_list":["post-245","post","type-post","status-publish","format-standard","has-post-thumbnail","hentry","category-pgem-projesi","tag-akademik-gelisim","tag-bilal-semih-bozdemir","tag-bilal-semih-bozdemir-pgem","tag-kurumsal-gelisim","tag-pgem","tag-pgem-projesi","tag-pgem-projesinde-yeni-donem","tag-prof-dr-bilal-semih-bozdemir","tag-proje-yonetimi","tag-stratejik-planlama"],"blocksy_meta":{"styles_descriptor":{"styles":{"desktop":"","tablet":"","mobile":""},"google_fonts":[],"version":7}},"_links":{"self":[{"href":"https:\/\/gundemprizmasi.com\/index.php?rest_route=\/wp\/v2\/posts\/245","targetHints":{"allow":["GET"]}}],"collection":[{"href":"https:\/\/gundemprizmasi.com\/index.php?rest_route=\/wp\/v2\/posts"}],"about":[{"href":"https:\/\/gundemprizmasi.com\/index.php?rest_route=\/wp\/v2\/types\/post"}],"author":[{"embeddable":true,"href":"https:\/\/gundemprizmasi.com\/index.php?rest_route=\/wp\/v2\/users\/1"}],"replies":[{"embeddable":true,"href":"https:\/\/gundemprizmasi.com\/index.php?rest_route=%2Fwp%2Fv2%2Fcomments&post=245"}],"version-history":[{"count":1,"href":"https:\/\/gundemprizmasi.com\/index.php?rest_route=\/wp\/v2\/posts\/245\/revisions"}],"predecessor-version":[{"id":247,"href":"https:\/\/gundemprizmasi.com\/index.php?rest_route=\/wp\/v2\/posts\/245\/revisions\/247"}],"wp:featuredmedia":[{"embeddable":true,"href":"https:\/\/gundemprizmasi.com\/index.php?rest_route=\/wp\/v2\/media\/246"}],"wp:attachment":[{"href":"https:\/\/gundemprizmasi.com\/index.php?rest_route=%2Fwp%2Fv2%2Fmedia&parent=245"}],"wp:term":[{"taxonomy":"category","embeddable":true,"href":"https:\/\/gundemprizmasi.com\/index.php?rest_route=%2Fwp%2Fv2%2Fcategories&post=245"},{"taxonomy":"post_tag","embeddable":true,"href":"https:\/\/gundemprizmasi.com\/index.php?rest_route=%2Fwp%2Fv2%2Ftags&post=245"}],"curies":[{"name":"wp","href":"https:\/\/api.w.org\/{rel}","templated":true}]}}